{"id":13476,"date":"2014-01-06T00:05:08","date_gmt":"2014-01-05T23:05:08","guid":{"rendered":"http:\/\/blog.laveredadepuebla.com\/?p=13476"},"modified":"2023-02-10T12:23:09","modified_gmt":"2023-02-10T12:23:09","slug":"mision-pedagogica-a-valdepenas","status":"publish","type":"post","link":"https:\/\/blog.sierranortedeguadalajara.com\/?p=13476","title":{"rendered":"Misi\u00f3n pedag\u00f3gica a Valdepe\u00f1as"},"content":{"rendered":"<p><!--[if gte mso 9]&gt;--><\/p>\n<p class=\"MsoNormal\"><span style=\"font-size:11pt;\">El art\u00edculo de Francisco Alfredo P\u00e9rez en la revista <b><i><a href=\"http:\/\/www.uclm.es\/ceclm\/b_virtual\/revistas\/wad_al_hayara\/index.htm\">Wad-al-Hayara<\/a>,<\/i><\/b>incluye como anexo el Acta de la <a href=\"http:\/\/blog.laveredadepuebla.com\/2014\/01\/02\/de-las-misiones-pedagogicas\/\"><b><i>Misi\u00f3n Pedag\u00f3gica<\/i><\/b><\/a> a <a href=\"www.laveredadepuebla.com\/rutasypueblos.htm\"><em><strong>La Ribera<\/strong><\/em><\/a>. De la informaci\u00f3n de <a href=\"www.laveredadepuebla.com\/rutasypueblos\/valdepenas.pdf\"><b><i>Valdepe\u00f1as<\/i><\/b><\/a> (18-21 febrero 1.932) destacamos: <\/span><i><span style=\"font-size:11pt;\">\u201cPueblo de 800 habitantes, mitad agrario y mitad pastor, con una carretera interrumpida por un puente ruinoso\u2026 Dos paisajes: la sierra con su pobreza limpiamente repartida y la campi\u00f1a, de feudo y aparcer\u00eda, corro\u00edda de caciquismo. Hay 2 escuelas unitarias, oscuras, cuya labor va m\u00e1s all\u00e1 de la educaci\u00f3n a los ni\u00f1os. Todos sab\u00edan de la llegada de la misi\u00f3n y sus objetivos, por lo que la acogieron con cordialidad\u201d.<\/span><\/i><\/p>\n<p class=\"MsoNormal\"><i><a href=\"http:\/\/www.cefihgu.es\"><img loading=\"lazy\" decoding=\"async\" class=\"alignright size-medium wp-image-13477\" alt=\"1 mision Valdepe\u00f1as\" src=\"https:\/\/blog.sierranortedeguadalajara.com\/wp-content\/uploads\/2023\/02\/1-mision-valdepec3b1as.jpg\" width=\"300\" height=\"192\" \/><\/a><\/i><span style=\"font-size:11pt;\">A la puesta de sol llegaron los misioneros y ya hab\u00eda 300 personas esper\u00e1ndoles; en la primera sesi\u00f3n se expuso lo m\u00e1s espectacular del programa: <a href=\"http:\/\/blog.laveredadepuebla.com\/2010\/11\/14\/de%C2%A0cine\/\"><b><i>cine, m\u00fasica, <\/i><\/b><\/a>lectura. Se realizaron 25 proyecciones: de dibujos animados, pel\u00edculas de <a href=\"http:\/\/www.youtube.com\/watch?v=g4C-ccSeTuU\"><b><i>Charlot<\/i><\/b><\/a> y documentales de ciudades, pa\u00edses lejanos, el desarrollo desde el manualismo hasta la maquinaria moderna,\u2026 <\/span><\/p>\n<p class=\"MsoNormal\"><span style=\"font-size:11pt;\">Las audiciones de se realizaron en las escuelas, 10 para ni\u00f1os y 4 para adultos. No les desagradaba la m\u00fasica cl\u00e1sica pero les gustaban los cantos regionales: <i>jotas, fandanguillos, malague\u00f1as, y alguna sardana<\/i>, &#8230; aunque prefer\u00edan <i>la zarzuela<\/i>. Se habl\u00f3 de poes\u00eda, desde la \u00e9pica hasta la l\u00edrica moderna, pasando por canciones populares y romances. <\/span><span style=\"font-size:11pt;\">La escuchan en silencio, la aplauden pero no comentan. \u00a0<\/span><\/p>\n<p class=\"MsoNormal\"><span style=\"font-size:11pt;\">La convivencia con la gente, conversando con mujeres que cos\u00edan al sol y hombres que le\u00edan el peri\u00f3dico gener\u00f3 un clima de confianza y mayor asistencia a las sesiones; los propios vecinos sugirieron charlas sobre enfermedades de la vid y del olivo. <\/span><span style=\"font-size:11pt;\">Tras la sesi\u00f3n de despedida, se hizo entrega de la biblioteca, de un gram\u00f3fono y discos, el farmac\u00e9utico dedic\u00f3 palabras de agradecimiento a la misi\u00f3n y todo <a href=\"www.laveredadepuebla.com\/rutasypueblos\/valdepenas.pdf\"><b><i>Valdepe\u00f1as <\/i><\/b><\/a>les acompa\u00f1\u00f3 hasta las afueras del pueblo.<\/span><\/p>\n<p class=\"MsoNormal\"><b><i>Lar-ami<\/i><\/b><\/p>\n","protected":false},"excerpt":{"rendered":"<p>El art\u00edculo de Francisco Alfredo P\u00e9rez en la revista Wad-al-Hayara,incluye como anexo el Acta de la Misi\u00f3n Pedag\u00f3gica a La Ribera. De la informaci\u00f3n de Valdepe\u00f1as (18-21 febrero 1.932) destacamos: \u201cPueblo de 800 habitantes, mitad agrario y mitad pastor, con una carretera interrumpida por un puente ruinoso\u2026 Dos paisajes: la sierra con su pobreza limpiamente &hellip; <\/p>\n<p class=\"link-more\"><a href=\"https:\/\/blog.sierranortedeguadalajara.com\/?p=13476\" class=\"more-link\">Seguir leyendo<span class=\"screen-reader-text\"> \u00abMisi\u00f3n pedag\u00f3gica a Valdepe\u00f1as\u00bb<\/span><\/a><\/p>\n","protected":false},"author":1,"featured_media":0,"comment_status":"open","ping_status":"open","sticky":false,"template":"","format":"standard","meta":{"footnotes":""},"categories":[6,9],"tags":[100,4,5,145,19,212],"class_list":["post-13476","post","type-post","status-publish","format-standard","hentry","category-mundo-rural","category-rincones-de-la-sierra-norte","tag-costumbres-y-tradiciones","tag-cultura","tag-historia","tag-la-ribera","tag-siglo-xx","tag-valdepenas","entry"],"_links":{"self":[{"href":"https:\/\/blog.sierranortedeguadalajara.com\/index.php?rest_route=\/wp\/v2\/posts\/13476","targetHints":{"allow":["GET"]}}],"collection":[{"href":"https:\/\/blog.sierranortedeguadalajara.com\/index.php?rest_route=\/wp\/v2\/posts"}],"about":[{"href":"https:\/\/blog.sierranortedeguadalajara.com\/index.php?rest_route=\/wp\/v2\/types\/post"}],"author":[{"embeddable":true,"href":"https:\/\/blog.sierranortedeguadalajara.com\/index.php?rest_route=\/wp\/v2\/users\/1"}],"replies":[{"embeddable":true,"href":"https:\/\/blog.sierranortedeguadalajara.com\/index.php?rest_route=%2Fwp%2Fv2%2Fcomments&post=13476"}],"version-history":[{"count":1,"href":"https:\/\/blog.sierranortedeguadalajara.com\/index.php?rest_route=\/wp\/v2\/posts\/13476\/revisions"}],"predecessor-version":[{"id":29235,"href":"https:\/\/blog.sierranortedeguadalajara.com\/index.php?rest_route=\/wp\/v2\/posts\/13476\/revisions\/29235"}],"wp:attachment":[{"href":"https:\/\/blog.sierranortedeguadalajara.com\/index.php?rest_route=%2Fwp%2Fv2%2Fmedia&parent=13476"}],"wp:term":[{"taxonomy":"category","embeddable":true,"href":"https:\/\/blog.sierranortedeguadalajara.com\/index.php?rest_route=%2Fwp%2Fv2%2Fcategories&post=13476"},{"taxonomy":"post_tag","embeddable":true,"href":"https:\/\/blog.sierranortedeguadalajara.com\/index.php?rest_route=%2Fwp%2Fv2%2Ftags&post=13476"}],"curies":[{"name":"wp","href":"https:\/\/api.w.org\/{rel}","templated":true}]}}