{"id":13471,"date":"2014-01-03T00:05:47","date_gmt":"2014-01-02T23:05:47","guid":{"rendered":"http:\/\/blog.laveredadepuebla.com\/?p=13471"},"modified":"2023-02-10T12:23:10","modified_gmt":"2023-02-10T12:23:10","slug":"valle-y-canon-de-bonaval-paisaje-de-retiendas","status":"publish","type":"post","link":"https:\/\/blog.sierranortedeguadalajara.com\/?p=13471","title":{"rendered":"Valle y ca\u00f1\u00f3n de Bonaval, paisaje de Retiendas"},"content":{"rendered":"<p><!--[if gte mso 9]&gt;--><\/p>\n<p class=\"MsoNormal\"><span style=\"font-size:11pt;\">Corresponde a la cuenca intermedia de<a href=\"http:\/\/laveredadepuebla.wordpress.com\/2009\/08\/27\/rio-jarama\/\">l<\/a> <a href=\"http:\/\/laveredadepuebla.wordpress.com\/2009\/08\/27\/rio-jarama\/\"><b><i>Jarama<\/i><\/b><\/a>, configurado como valle cerrado al norte y al sur, mientras se abre en alas a oriente y poniente. El cerramiento norte es una angostura entre pizarras que da paso\u00a0 a la vega, donde la vegetaci\u00f3n queda relegada a monte bajo y algunos pinos, salvo el bosque en galer\u00eda a orillas del r\u00edo.<a href=\"http:\/\/laveredadepuebla.files.wordpress.com\/2014\/01\/140103-cac3b1on-bonaval-1.jpg\"><img loading=\"lazy\" decoding=\"async\" class=\"alignright  wp-image-13472\" alt=\"140103 Ca\u00f1on Bonaval 1\" src=\"https:\/\/blog.sierranortedeguadalajara.com\/wp-content\/uploads\/2023\/02\/140103-cac3b1on-bonaval-1.jpg\" width=\"240\" height=\"175\" \/><\/a><\/span><\/p>\n<p class=\"MsoNormal\"><b><i><\/i><\/b><span style=\"font-size:11pt;\">Al sur una angostura entre calizas desemboca en un hermoso ca\u00f1\u00f3n de paredes escarpadas. Aqu\u00ed hay dos tipos de vegetaci\u00f3n seg\u00fan la orientaci\u00f3n de las laderas: al norte y este predominan robles y quejigos; a poniente prevalecen las encinas. En el fondo del valle predominan tierras de cultivo junto al agua, sauces, fresnos, chopos y alisos.<\/span><\/p>\n<p class=\"MsoNormal\"><a href=\"http:\/\/blog.laveredadepuebla.com\/2010\/08\/30\/el-canon-del-jarama-en%C2%A0imagenes\/\"><b><i><span style=\"font-size:11pt;\">El ca\u00f1\u00f3n<\/span><\/i><\/b><\/a><span style=\"font-size:11pt;\"> es un tajo en curva del que no se ve su final. El Jarama ya no es un elemento b\u00e1sico del paisaje por el escaso caudal que le permite <a href=\"http:\/\/laveredadepuebla.wordpress.com\/2009\/08\/22\/la-presa-del-vado\/\"><b><i>El Vado<\/i><\/b> <\/a>y su cauce esta siendo colonizado por la vegetaci\u00f3n. \u00a0La mano del hombre nos ha dejado las ruinas del <a href=\"www.laveredadepuebla.com\/rutasypueblos\/bonaval.pdf\"><b><i>Monasterio de Bonaval<\/i><\/b><\/a> y de algunas caleras. \u00a0Todo ello configura un paisaje atractivo y asilvestrado, seg\u00fan recoge <a href=\"http:\/\/blog.laveredadepuebla.com\/2013\/10\/24\/el-monasterio-de-bonaval-los-reune-de-nuevo\/\"><b><i>Jos\u00e9 Mar\u00eda Mel\u00e9ndez <\/i><\/b><\/a>\u00a0en <b><i>\u201c<a href=\"http:\/\/blog.laveredadepuebla.com\/2013\/12\/18\/paisajes-de-retiendas\/\">Paisajes de Retiendas\u201d. <\/a><\/i><\/b><\/span><\/p>\n<p class=\"MsoNormal\"><span style=\"font-size:11pt;\"><a href=\"http:\/\/laveredadepuebla.files.wordpress.com\/2014\/01\/140103-cac3b1on-bonaval-2.jpg\"><img loading=\"lazy\" decoding=\"async\" class=\"alignleft  wp-image-13473\" alt=\"140103 Ca\u00f1on Bonaval 2\" src=\"https:\/\/blog.sierranortedeguadalajara.com\/wp-content\/uploads\/2023\/02\/140103-cac3b1on-bonaval-2.jpg\" width=\"240\" height=\"179\" \/><\/a><\/span><span style=\"font-size:11pt;\">La estructura es propia de paisajes naturales: monte con una mancha de tierra de cultivo, con una amplia diversidad de ambientes: quejigos, encinar, rodales mixtos de espinos, monte abierto de enebros, melojos, jarales, soto de fresnos, choperas, alisedas, roquedales y vaguadas. <\/span><span style=\"font-size:11pt;\">Cada momento del a\u00f1o tiene definido un mosaico de colores: en verano amarillos de rastrojos frente al verde.\u00a0 En oto\u00f1o los ocres predominan sobre los verdes de las encinas. La ausencia de hojas caducas bajo la luminosidad difusa del invierno el negro de pizarras y el naranja de los farallones calizos.<\/span><\/p>\n<p class=\"MsoNormal\"><span style=\"font-size:11pt;\">\u00a0<\/span><b><i><\/i><\/b><b><i>Lar-ami<\/i><\/b><\/p>\n","protected":false},"excerpt":{"rendered":"<p>Corresponde a la cuenca intermedia del Jarama, configurado como valle cerrado al norte y al sur, mientras se abre en alas a oriente y poniente. El cerramiento norte es una angostura entre pizarras que da paso\u00a0 a la vega, donde la vegetaci\u00f3n queda relegada a monte bajo y algunos pinos, salvo el bosque en galer\u00eda &hellip; <\/p>\n<p class=\"link-more\"><a href=\"https:\/\/blog.sierranortedeguadalajara.com\/?p=13471\" class=\"more-link\">Seguir leyendo<span class=\"screen-reader-text\"> \u00abValle y ca\u00f1\u00f3n de Bonaval, paisaje de Retiendas\u00bb<\/span><\/a><\/p>\n","protected":false},"author":1,"featured_media":0,"comment_status":"open","ping_status":"open","sticky":false,"template":"","format":"standard","meta":{"footnotes":""},"categories":[12],"tags":[2,45,26,35,7,34],"class_list":["post-13471","post","type-post","status-publish","format-standard","hentry","category-actualidad","tag-actualidad","tag-bonaval","tag-el-vado","tag-jarama","tag-naturaleza","tag-retiendas","entry"],"_links":{"self":[{"href":"https:\/\/blog.sierranortedeguadalajara.com\/index.php?rest_route=\/wp\/v2\/posts\/13471","targetHints":{"allow":["GET"]}}],"collection":[{"href":"https:\/\/blog.sierranortedeguadalajara.com\/index.php?rest_route=\/wp\/v2\/posts"}],"about":[{"href":"https:\/\/blog.sierranortedeguadalajara.com\/index.php?rest_route=\/wp\/v2\/types\/post"}],"author":[{"embeddable":true,"href":"https:\/\/blog.sierranortedeguadalajara.com\/index.php?rest_route=\/wp\/v2\/users\/1"}],"replies":[{"embeddable":true,"href":"https:\/\/blog.sierranortedeguadalajara.com\/index.php?rest_route=%2Fwp%2Fv2%2Fcomments&post=13471"}],"version-history":[{"count":1,"href":"https:\/\/blog.sierranortedeguadalajara.com\/index.php?rest_route=\/wp\/v2\/posts\/13471\/revisions"}],"predecessor-version":[{"id":29238,"href":"https:\/\/blog.sierranortedeguadalajara.com\/index.php?rest_route=\/wp\/v2\/posts\/13471\/revisions\/29238"}],"wp:attachment":[{"href":"https:\/\/blog.sierranortedeguadalajara.com\/index.php?rest_route=%2Fwp%2Fv2%2Fmedia&parent=13471"}],"wp:term":[{"taxonomy":"category","embeddable":true,"href":"https:\/\/blog.sierranortedeguadalajara.com\/index.php?rest_route=%2Fwp%2Fv2%2Fcategories&post=13471"},{"taxonomy":"post_tag","embeddable":true,"href":"https:\/\/blog.sierranortedeguadalajara.com\/index.php?rest_route=%2Fwp%2Fv2%2Ftags&post=13471"}],"curies":[{"name":"wp","href":"https:\/\/api.w.org\/{rel}","templated":true}]}}