{"id":13464,"date":"2014-01-02T00:05:33","date_gmt":"2014-01-01T23:05:33","guid":{"rendered":"http:\/\/blog.laveredadepuebla.com\/?p=13464"},"modified":"2023-02-10T12:23:11","modified_gmt":"2023-02-10T12:23:11","slug":"de-las-misiones-pedagogicas","status":"publish","type":"post","link":"https:\/\/blog.sierranortedeguadalajara.com\/?p=13464","title":{"rendered":"De las misiones pedag\u00f3gicas"},"content":{"rendered":"<p><!--[if gte mso 9]&gt;--><\/p>\n<p class=\"MsoNormal\"><span style=\"font-size:11pt;\">Si bien ya hablamos de la <a href=\"http:\/\/blog.laveredadepuebla.com\/2009\/10\/03\/misiones-pedagogicas-en-la-ribera\/\"><b><i>Misi\u00f3n Pedag\u00f3gica<\/i><\/b><\/a> que recorri\u00f3 <a href=\"www.laveredadepuebla.com\/rutasypueblos.htm\"><b><i>La Ribera<\/i><\/b> <\/a>del 18 al 24 febrero 1.932, hemos encontrado un art\u00edculo de Francisco Alfredo P\u00e9rez, publicado en 1.998 en el n\u00ba 25 de la revista <b><a href=\"http:\/\/www.uclm.es\/ceclm\/b_virtual\/revistas\/wad_al_hayara\/index.htm\"><em>Wad-al-Hayara<\/em><\/a>,<\/b>que aporta informaci\u00f3n muy valiosa sobre esa visita.<\/span><\/p>\n<p class=\"MsoNormal\"><span style=\"font-size:11pt;\">Guadalajara recibi\u00f3 3 misiones, todas en la<a href=\"http:\/\/blog.laveredadepuebla.com\/2011\/04\/01\/parque-natural-sierra-norte-de-guadalajara\/\"> <b><i>Sierra Norte,<\/i><\/b><\/a> quiz\u00e1s porque era la zona m\u00e1s aislada, pobre y atrasada de la provincia: <b><i>La Ribera<\/i><\/b> (1.932), <a href=\"http:\/\/www.pueblosarquitecturanegra.es\/\"><b><i>Pueblos negros<\/i><\/b><\/a> y vecinos (1.933), el <a href=\"http:\/\/cardosodelasierra.com\/\"><b><i>Cardoso de la Sierra<\/i><\/b><\/a> y pr\u00f3ximos (1.934). Tambi\u00e9n hubo varias actuaciones de teatro ambulante y exposiciones de pintura en n\u00facleos m\u00e1s poblados <i>(Uceda, Cifuentes, Atienza,\u2026)<a href=\"http:\/\/www.residencia.csic.es\/misiones\/presentacion\/inicio.htm\"><img loading=\"lazy\" decoding=\"async\" class=\"alignright size-full wp-image-13465\" alt=\"140102 mision 1\" src=\"https:\/\/blog.sierranortedeguadalajara.com\/wp-content\/uploads\/2023\/02\/140102-mision-1.jpg\" width=\"260\" height=\"170\" \/><\/a><\/i><\/span><\/p>\n<p class=\"MsoNormal\"><span style=\"font-size:11pt;\">Las actividades se ajustaban a cada lugar, seg\u00fan n\u00famero vecinos, d\u00edas de estancias y\/o recibimiento <i>(iban acompa\u00f1ados del maestro y\/o alcalde del pueblo).<\/i> En nuestra comarca ser realizaron en <a href=\"www.laveredadepuebla.com\/rutasypueblos\/valdepenas.pdf\"><b><i>Valdepe\u00f1as<\/i><\/b> <\/a>del 18 a 21 febrero, <a href=\"http:\/\/www.laveredadepuebla.com\/rutasypueblos\/valdepenas.pdf\"><b><i>Alpedrete de la Sierra<\/i><\/b><\/a> el 20<b><i>, <\/i><\/b>\u00a0<a href=\"http:\/\/www.laveredadepuebla.com\/rutasypueblos\/lamierla.pdf\"><b><i>La Mierla <\/i><\/b><\/a>y<a href=\"http:\/\/www.laveredadepuebla.com\/rutasypueblos\/pueblabe.pdf\"><b><i> Puebla Bele\u00f1a<\/i><\/b> <\/a>el 22 y <a href=\"www.laveredadepuebla.com\/rutasypueblos\/tamajon.pdf\"><b><i>Tamaj\u00f3n <\/i><\/b><\/a>el d\u00eda 23 de febrero. Las iremos viendo por cada localidad.<\/span><\/p>\n<p class=\"MsoNormal\"><span style=\"font-size:11pt;\"><a href=\"http:\/\/www.residencia.csic.es\/misiones\/presentacion\/inicio.htm\"><img loading=\"lazy\" decoding=\"async\" class=\"alignleft size-medium wp-image-13466\" alt=\"140102 mision 2\" src=\"https:\/\/blog.sierranortedeguadalajara.com\/wp-content\/uploads\/2023\/02\/140102-mision-2.jpg\" width=\"214\" height=\"300\" \/><\/a><\/span><span style=\"font-size:11pt;\">Durante el d\u00eda juegos al aire libre con los ni\u00f1os, con cuentos y canciones populares; si era lectivo en los recreos. Por la noche se sumaban los adultos y seg\u00fan el auditorio, hab\u00eda conferencias, velada literaria, <b><i><a href=\"http:\/\/blog.laveredadepuebla.com\/2010\/11\/14\/de%C2%A0cine\/\">m\u00fasica \u00f3 cine<\/a>.<\/i><\/b> Antes de irse la Misi\u00f3n sol\u00eda dejar en la escuela una biblioteca de unos 100 libros. Los misioneros tomaban notas y grababan escenas del pueblo, entorno, trabajos, costumbres, gentes,\u2026 para <b><i>el acta.<\/i><\/b><\/span><\/p>\n<p class=\"MsoNormal\"><span style=\"font-size:11pt;\">Las <a href=\"http:\/\/www.residencia.csic.es\/misiones\/presentacion\/inicio.htm\"><b><i>Misiones Pedag\u00f3gicas<\/i><\/b><\/a> tuvieron poco \u00e9xito por su corta estancia en cada pueblo, campa\u00f1a en contra de los conservadores,\u00a0 estructura rural del pa\u00eds,\u2026\u00a0 Para los vecinos fue un divertimento, un par\u00e9ntesis antes de regresar a sus tareas cotidianas. Pero aun se recuerda.<br \/>\n<\/span><\/p>\n<p class=\"MsoNormal\" style=\"text-align:justify;text-justify:inter-ideograph;\"><b><i>Lar-ami<\/i><\/b><\/p>\n","protected":false},"excerpt":{"rendered":"<p>Si bien ya hablamos de la Misi\u00f3n Pedag\u00f3gica que recorri\u00f3 La Ribera del 18 al 24 febrero 1.932, hemos encontrado un art\u00edculo de Francisco Alfredo P\u00e9rez, publicado en 1.998 en el n\u00ba 25 de la revista Wad-al-Hayara,que aporta informaci\u00f3n muy valiosa sobre esa visita. Guadalajara recibi\u00f3 3 misiones, todas en la Sierra Norte, quiz\u00e1s porque &hellip; <\/p>\n<p class=\"link-more\"><a href=\"https:\/\/blog.sierranortedeguadalajara.com\/?p=13464\" class=\"more-link\">Seguir leyendo<span class=\"screen-reader-text\"> \u00abDe las misiones pedag\u00f3gicas\u00bb<\/span><\/a><\/p>\n","protected":false},"author":1,"featured_media":0,"comment_status":"open","ping_status":"open","sticky":false,"template":"","format":"standard","meta":{"footnotes":""},"categories":[3,9],"tags":[76,4,5,33,145,181,10,19,21,212],"class_list":["post-13464","post","type-post","status-publish","format-standard","hentry","category-costumbres-y-tradiciones","category-rincones-de-la-sierra-norte","tag-arquitectura-negra","tag-cultura","tag-historia","tag-la-mierla","tag-la-ribera","tag-puebla-de-belena","tag-sierra-norte","tag-siglo-xx","tag-tamajon","tag-valdepenas","entry"],"_links":{"self":[{"href":"https:\/\/blog.sierranortedeguadalajara.com\/index.php?rest_route=\/wp\/v2\/posts\/13464","targetHints":{"allow":["GET"]}}],"collection":[{"href":"https:\/\/blog.sierranortedeguadalajara.com\/index.php?rest_route=\/wp\/v2\/posts"}],"about":[{"href":"https:\/\/blog.sierranortedeguadalajara.com\/index.php?rest_route=\/wp\/v2\/types\/post"}],"author":[{"embeddable":true,"href":"https:\/\/blog.sierranortedeguadalajara.com\/index.php?rest_route=\/wp\/v2\/users\/1"}],"replies":[{"embeddable":true,"href":"https:\/\/blog.sierranortedeguadalajara.com\/index.php?rest_route=%2Fwp%2Fv2%2Fcomments&post=13464"}],"version-history":[{"count":1,"href":"https:\/\/blog.sierranortedeguadalajara.com\/index.php?rest_route=\/wp\/v2\/posts\/13464\/revisions"}],"predecessor-version":[{"id":29241,"href":"https:\/\/blog.sierranortedeguadalajara.com\/index.php?rest_route=\/wp\/v2\/posts\/13464\/revisions\/29241"}],"wp:attachment":[{"href":"https:\/\/blog.sierranortedeguadalajara.com\/index.php?rest_route=%2Fwp%2Fv2%2Fmedia&parent=13464"}],"wp:term":[{"taxonomy":"category","embeddable":true,"href":"https:\/\/blog.sierranortedeguadalajara.com\/index.php?rest_route=%2Fwp%2Fv2%2Fcategories&post=13464"},{"taxonomy":"post_tag","embeddable":true,"href":"https:\/\/blog.sierranortedeguadalajara.com\/index.php?rest_route=%2Fwp%2Fv2%2Ftags&post=13464"}],"curies":[{"name":"wp","href":"https:\/\/api.w.org\/{rel}","templated":true}]}}