{"id":13459,"date":"2013-12-31T00:05:13","date_gmt":"2013-12-30T23:05:13","guid":{"rendered":"http:\/\/blog.laveredadepuebla.com\/?p=13459"},"modified":"2023-02-10T12:23:11","modified_gmt":"2023-02-10T12:23:11","slug":"el-bienio-negro-del-siglo-xxi","status":"publish","type":"post","link":"https:\/\/blog.sierranortedeguadalajara.com\/?p=13459","title":{"rendered":"El Bienio Negro del siglo XXI"},"content":{"rendered":"<p><!--[if gte mso 9]&gt;--><\/p>\n<p>El periodo 1.933-1.936 de nuestra historia es conocido como <b><i><a href=\"http:\/\/mirincondehistoria.files.wordpress.com\/2011\/03\/bienionegro.pdf\">\u201cEl Bienio Negro\u201d<\/a>. <\/i><\/b>Durante este tiempo los gobiernos de derecha trataron de rectificar las reformas de gobiernos anteriores de <a href=\"http:\/\/mirincondehistoria.files.wordpress.com\/2011\/03\/bienionegro.pdf\"><b><i>la Rep\u00fablica<\/i><\/b><\/a>. <i>\u00bfLes suena?<\/i><\/p>\n<p class=\"MsoNormal\"><span style=\"font-size:11pt;\">Quiz\u00e1s por eso ya hay quien llama a estos dos \u00faltimos a\u00f1os el <a href=\"http:\/\/www.cuartopoder.es\/tribuna\/el-bienio-negro-de-rajoy\/5241\"><b><i>\u201cBienio negro de Rajoy\u201d, <\/i><\/b><\/a>\u00a0opini\u00f3n que no compartimos, ya que este periodo ha sido<i> <b>\u201cnegro\u201d<\/b> <\/i>\u00a0para los ciudadanos, no para quien ha gobernado. <\/span><span style=\"font-size:11pt;\">Con el argumento de la <b><i>\u201cherencia recibida\u201d<\/i><\/b> y el\u00a0 <b><i>\u201cno hay m\u00e1s remedio\u201d<\/i><\/b><i>\u00a0 <\/i>ha recortado en Sanidad, Educaci\u00f3n, Servicios sociales, \u2026 en contra de lo expuesto en su programa electoral.<\/span><\/p>\n<p class=\"MsoNormal\"><span style=\"font-size:11pt;\">Se han aumentado impuestos, bajado y\/o eliminado prestaciones,\u2026 para reducir el d\u00e9ficit\u00a0 mientras se aprobaba el rescate de bancos (en una cantidad equivalente a los recortes), amnist\u00eda fiscal a los defraudadores, se ha protegido la corrupci\u00f3n entorpeciendo el trabajo de los jueces, ,\u2026 <a href=\"http:\/\/laveredadepuebla.files.wordpress.com\/2013\/12\/4-bienio-negro.jpg\"><img loading=\"lazy\" decoding=\"async\" class=\"alignright size-medium wp-image-13460\" alt=\"4 bienio negro\" src=\"https:\/\/blog.sierranortedeguadalajara.com\/wp-content\/uploads\/2023\/02\/4-bienio-negro.jpg\" width=\"300\" height=\"212\" \/><\/a><\/span><\/p>\n<p class=\"MsoNormal\"><span style=\"font-size:11pt;\">Lo que ha supuesto 6 millones de parados, el empobrecimiento de la poblaci\u00f3n, la marcha de los mejores al extranjero, aumento de las desigualdades, marginaci\u00f3n, depresi\u00f3n social,&#8230;. <\/span><\/p>\n<p class=\"MsoNormal\"><span style=\"font-size:11pt;\">Otras leyes recientes (Ley ciudadana, del aborto,\u2026) pretenden recortar derechos esenciales que nos retrotraen a tiempos pasados. Por eso este periodo ser\u00e1 recordado como <b><i>\u201cnuestro bienio negro\u201d, <\/i><\/b>que esperemos se cierre hoy y no se convierta en trienio\/cuatrienio<b><i> negro<\/i><\/b>. De nosotros depende.<\/span><\/p>\n<p class=\"MsoNormal\"><b><i><span style=\"font-size:11pt;\">\u00a0<\/span><\/i><\/b><b><i>Lar-ami<\/i><\/b><\/p>\n","protected":false},"excerpt":{"rendered":"<p>El periodo 1.933-1.936 de nuestra historia es conocido como \u201cEl Bienio Negro\u201d. Durante este tiempo los gobiernos de derecha trataron de rectificar las reformas de gobiernos anteriores de la Rep\u00fablica. \u00bfLes suena? Quiz\u00e1s por eso ya hay quien llama a estos dos \u00faltimos a\u00f1os el \u201cBienio negro de Rajoy\u201d, \u00a0opini\u00f3n que no compartimos, ya que &hellip; <\/p>\n<p class=\"link-more\"><a href=\"https:\/\/blog.sierranortedeguadalajara.com\/?p=13459\" class=\"more-link\">Seguir leyendo<span class=\"screen-reader-text\"> \u00abEl Bienio Negro del siglo XXI\u00bb<\/span><\/a><\/p>\n","protected":false},"author":1,"featured_media":0,"comment_status":"open","ping_status":"open","sticky":false,"template":"","format":"standard","meta":{"footnotes":""},"categories":[12],"tags":[2],"class_list":["post-13459","post","type-post","status-publish","format-standard","hentry","category-actualidad","tag-actualidad","entry"],"_links":{"self":[{"href":"https:\/\/blog.sierranortedeguadalajara.com\/index.php?rest_route=\/wp\/v2\/posts\/13459","targetHints":{"allow":["GET"]}}],"collection":[{"href":"https:\/\/blog.sierranortedeguadalajara.com\/index.php?rest_route=\/wp\/v2\/posts"}],"about":[{"href":"https:\/\/blog.sierranortedeguadalajara.com\/index.php?rest_route=\/wp\/v2\/types\/post"}],"author":[{"embeddable":true,"href":"https:\/\/blog.sierranortedeguadalajara.com\/index.php?rest_route=\/wp\/v2\/users\/1"}],"replies":[{"embeddable":true,"href":"https:\/\/blog.sierranortedeguadalajara.com\/index.php?rest_route=%2Fwp%2Fv2%2Fcomments&post=13459"}],"version-history":[{"count":1,"href":"https:\/\/blog.sierranortedeguadalajara.com\/index.php?rest_route=\/wp\/v2\/posts\/13459\/revisions"}],"predecessor-version":[{"id":29243,"href":"https:\/\/blog.sierranortedeguadalajara.com\/index.php?rest_route=\/wp\/v2\/posts\/13459\/revisions\/29243"}],"wp:attachment":[{"href":"https:\/\/blog.sierranortedeguadalajara.com\/index.php?rest_route=%2Fwp%2Fv2%2Fmedia&parent=13459"}],"wp:term":[{"taxonomy":"category","embeddable":true,"href":"https:\/\/blog.sierranortedeguadalajara.com\/index.php?rest_route=%2Fwp%2Fv2%2Fcategories&post=13459"},{"taxonomy":"post_tag","embeddable":true,"href":"https:\/\/blog.sierranortedeguadalajara.com\/index.php?rest_route=%2Fwp%2Fv2%2Ftags&post=13459"}],"curies":[{"name":"wp","href":"https:\/\/api.w.org\/{rel}","templated":true}]}}