{"id":13448,"date":"2013-12-27T00:05:49","date_gmt":"2013-12-26T23:05:49","guid":{"rendered":"http:\/\/blog.laveredadepuebla.com\/?p=13448"},"modified":"2023-02-10T12:23:12","modified_gmt":"2023-02-10T12:23:12","slug":"paramo-calizo-en-retiendas","status":"publish","type":"post","link":"https:\/\/blog.sierranortedeguadalajara.com\/?p=13448","title":{"rendered":"P\u00e1ramo calizo en Retiendas"},"content":{"rendered":"<p><!--[if gte mso 9]&gt;--><\/p>\n<p class=\"MsoNormal\"><a href=\"http:\/\/blog.laveredadepuebla.com\/2013\/10\/24\/el-monasterio-de-bonaval-los-reune-de-nuevo\/\"><b><i><span style=\"font-size:11pt;\">Jos\u00e9 Mar\u00eda Mel\u00e9ndez <\/span><\/i><\/b><\/a><span style=\"font-size:11pt;\"><a href=\"http:\/\/blog.laveredadepuebla.com\/2013\/10\/24\/el-monasterio-de-bonaval-los-reune-de-nuevo\/\">\u00a0<\/a>en su <a href=\"http:\/\/blog.laveredadepuebla.com\/2013\/12\/18\/paisajes-de-retiendas\/\"><b><i>trabajo <\/i><\/b><\/a>lo explica as\u00ed:\u00a0 El p\u00e1ramo calizo esta formado por peque\u00f1as lomas y ligeras quebradas de caliza, con algunas ra\u00f1as de pendiente pronunciada, que impiden su aprovechamiento agr\u00edcola. Est\u00e1 cubierto por <b><i><a href=\"http:\/\/blog.laveredadepuebla.com\/2013\/05\/10\/encinas-en-flor\/\">un encinar<\/a>,<\/i><\/b> homog\u00e9neo y compacto, con ejemplares sueltos de enebros y sabinas.<a href=\"http:\/\/laveredadepuebla.files.wordpress.com\/2013\/12\/131227-paramos-calizos-retiendas-1.jpg\"><img loading=\"lazy\" decoding=\"async\" class=\"wp-image-13449 alignleft\" alt=\"131227 Paramos calizos RETIENDAS 1\" src=\"https:\/\/blog.sierranortedeguadalajara.com\/wp-content\/uploads\/2023\/02\/131227-paramos-calizos-retiendas-1.jpg\" width=\"240\" height=\"188\" \/><\/a><\/span><\/p>\n<p class=\"MsoNormal\"><span style=\"font-size:11pt;\">Presenta el aspecto de monte natural asilvestrado, donde solo la cantera de caliza junto a la carretera rompe la monoton\u00eda del paisaje. Pero se debe a la mano del hombre que lo aprovech\u00f3 para pastos, bellotas, le\u00f1a y carboneo. \u00a0El abandono de estas actividades en los 60, le da este peculiar aspecto. Hoy solo es transitado por cazadores y truferos (es coto privado).<\/span><\/p>\n<p class=\"MsoNormal\"><span style=\"font-size:11pt;\"><a href=\"http:\/\/laveredadepuebla.files.wordpress.com\/2013\/12\/131227-paramos-calizos-retiendas-2.jpg\"><img loading=\"lazy\" decoding=\"async\" class=\"alignright size-medium wp-image-13450\" alt=\"131227 Paramos calizos RETIENDAS 2\" src=\"https:\/\/blog.sierranortedeguadalajara.com\/wp-content\/uploads\/2023\/02\/131227-paramos-calizos-retiendas-2.jpg\" width=\"300\" height=\"222\" \/><\/a><\/span><span style=\"font-size:11pt;\">El color predominante es un verde gris\u00e1ceo y poco luminoso, que se mantiene constante en todas las estaciones. Los d\u00edas nublados y\/o de lluvia se detecta un ligero brillo en las hojas de las encinas que resaltan. Las im\u00e1genes muestran espacios cerrados y mon\u00f3tonos, con un desequilibrio ecol\u00f3gico evidente y de riesgo.<\/span><\/p>\n<p class=\"MsoNormal\"><span style=\"font-size:11pt;\">Pero si se observa este paisaje de<a href=\"www.laveredadepuebla.com\/rutasypueblos\/retiendas.pdf\"><b><i> Retiendas<\/i><\/b><\/a> desde altura, la imagen del bosque de encinas con el <a href=\"http:\/\/es.wikipedia.org\/wiki\/Pico_Ocej%C3%B3n\"><b><i>Pico del Ocej\u00f3n<\/i><\/b><\/a> al fondo, proporciona una sensaci\u00f3n impresionante.<\/span><\/p>\n<p class=\"MsoNormal\"><b><i><\/i><\/b><b><i>Lar-ami<\/i><\/b><\/p>\n","protected":false},"excerpt":{"rendered":"<p>Jos\u00e9 Mar\u00eda Mel\u00e9ndez \u00a0en su trabajo lo explica as\u00ed:\u00a0 El p\u00e1ramo calizo esta formado por peque\u00f1as lomas y ligeras quebradas de caliza, con algunas ra\u00f1as de pendiente pronunciada, que impiden su aprovechamiento agr\u00edcola. Est\u00e1 cubierto por un encinar, homog\u00e9neo y compacto, con ejemplares sueltos de enebros y sabinas. Presenta el aspecto de monte natural asilvestrado, &hellip; <\/p>\n<p class=\"link-more\"><a href=\"https:\/\/blog.sierranortedeguadalajara.com\/?p=13448\" class=\"more-link\">Seguir leyendo<span class=\"screen-reader-text\"> \u00abP\u00e1ramo calizo en Retiendas\u00bb<\/span><\/a><\/p>\n","protected":false},"author":1,"featured_media":0,"comment_status":"open","ping_status":"open","sticky":false,"template":"","format":"standard","meta":{"footnotes":""},"categories":[12,9],"tags":[2,7,34],"class_list":["post-13448","post","type-post","status-publish","format-standard","hentry","category-actualidad","category-rincones-de-la-sierra-norte","tag-actualidad","tag-naturaleza","tag-retiendas","entry"],"_links":{"self":[{"href":"https:\/\/blog.sierranortedeguadalajara.com\/index.php?rest_route=\/wp\/v2\/posts\/13448","targetHints":{"allow":["GET"]}}],"collection":[{"href":"https:\/\/blog.sierranortedeguadalajara.com\/index.php?rest_route=\/wp\/v2\/posts"}],"about":[{"href":"https:\/\/blog.sierranortedeguadalajara.com\/index.php?rest_route=\/wp\/v2\/types\/post"}],"author":[{"embeddable":true,"href":"https:\/\/blog.sierranortedeguadalajara.com\/index.php?rest_route=\/wp\/v2\/users\/1"}],"replies":[{"embeddable":true,"href":"https:\/\/blog.sierranortedeguadalajara.com\/index.php?rest_route=%2Fwp%2Fv2%2Fcomments&post=13448"}],"version-history":[{"count":1,"href":"https:\/\/blog.sierranortedeguadalajara.com\/index.php?rest_route=\/wp\/v2\/posts\/13448\/revisions"}],"predecessor-version":[{"id":29248,"href":"https:\/\/blog.sierranortedeguadalajara.com\/index.php?rest_route=\/wp\/v2\/posts\/13448\/revisions\/29248"}],"wp:attachment":[{"href":"https:\/\/blog.sierranortedeguadalajara.com\/index.php?rest_route=%2Fwp%2Fv2%2Fmedia&parent=13448"}],"wp:term":[{"taxonomy":"category","embeddable":true,"href":"https:\/\/blog.sierranortedeguadalajara.com\/index.php?rest_route=%2Fwp%2Fv2%2Fcategories&post=13448"},{"taxonomy":"post_tag","embeddable":true,"href":"https:\/\/blog.sierranortedeguadalajara.com\/index.php?rest_route=%2Fwp%2Fv2%2Ftags&post=13448"}],"curies":[{"name":"wp","href":"https:\/\/api.w.org\/{rel}","templated":true}]}}