{"id":12853,"date":"2013-08-16T00:05:16","date_gmt":"2013-08-15T22:05:16","guid":{"rendered":"http:\/\/blog.laveredadepuebla.com\/?p=12853"},"modified":"2023-02-10T12:25:02","modified_gmt":"2023-02-10T12:25:02","slug":"tierras-comunales-en-el-siglo-xviii","status":"publish","type":"post","link":"https:\/\/blog.sierranortedeguadalajara.com\/?p=12853","title":{"rendered":"Tierras comunales en el siglo XVIII"},"content":{"rendered":"<p><!--[if gte mso 9]&gt;--><\/p>\n<p>Seg\u00fan recoge el <b><i>C<a href=\"http:\/\/blog.laveredadepuebla.com\/2013\/06\/28\/el-catastro-del-marques-de-la-ensenada\/\">atastro de la Ensenada<\/a>,<\/i><\/b> en cada pueblo hab\u00eda tierras de aprovechamiento com\u00fan; los tipos, superficie y usos depend\u00edan de su geograf\u00eda e historia. Los m\u00e1s habituales en <a href=\"http:\/\/www.laveredadepuebla.com\/rutasypueblos.htm\"><b><i>La Ribera<\/i><\/b><\/a> eran:<\/p>\n<ul style=\"margin-top:0;\" type=\"square\">\n<li class=\"MsoNormal\"><b><i><span style=\"font-size:11pt;\">Dehesa boyal<\/span><\/i><\/b><span style=\"font-size:11pt;\">, besana acotada para pastos del ganado de labor (mulas, bueyes, vacas, burros, caballos, \u2026), de uso exclusivo para los vecinos del pueblo. Su superficie oscilaba entre 40 (<a href=\"http:\/\/www.laveredadepuebla.com\/rutasypueblos\/pueblava.pdf\"><b><i>Puebla de Valles<\/i><\/b><\/a>) y 300 fanegas\u00a0 (<a href=\"http:\/\/www.laveredadepuebla.com\/rutasypueblos\/belena.pdf\"><b><i>Bele\u00f1a de Sorbe<\/i><\/b><\/a>), si bien esta \u00faltima podr\u00eda ser com\u00fan al <b><i>Se\u00f1or\u00edo.<\/i><\/b><\/span><\/li>\n<li class=\"MsoNormal\"><b><i><span style=\"font-size:11pt;\">Monte comunal, <\/span><\/i><\/b><span style=\"font-size:11pt;\">de los llamados huecos (encinas, robles, quejigos,\u2026), para le\u00f1a y carboneo. En algunos lugares se arrendaba\u00a0 a un tercero (<a href=\"http:\/\/www.laveredadepuebla.com\/rutasypueblos\/pueblabe.pdf\"><b><i>Puebla de Bele\u00f1a<\/i><\/b><\/a>) y los beneficios ayudaban a cuadrar el presupuesto. Tambi\u00e9n se aprovechaban como dehesa boyal (<a href=\"http:\/\/www.laveredadepuebla.com\/rutasypueblos\/lamierla.pdf\"><b><i>La Mierla<\/i><\/b><\/a>) y para pastos.<\/span><\/li>\n<li class=\"MsoNormal\"><b><i><span style=\"font-size:11pt;\">Pastos comunales <\/span><\/i><\/b><span style=\"font-size:11pt;\">en tierras de baja calidad, no aptas para la siembra, <i>\u201cyermas por naturaleza\u201d:<\/i> jarales, retamares, pedregales, barrancos,\u2026 para ganado lanar y caprino. Ocupaban gran superficie, hasta 2.900 fanegas.<\/span><\/li>\n<li class=\"MsoNormal\"><b><i><span style=\"font-size:11pt;\">Tamajon y <a href=\"http:\/\/www.laveredadepuebla.com\/rutasypueblos\/almiruete.pdf\">Almiruete<\/a><\/span><\/i><\/b><span style=\"font-size:11pt;\"> compart\u00edan algunas zonas de pastos con las villas de las tierras de Ayll\u00f3n, origen de su <a href=\"http:\/\/blog.laveredadepuebla.com\/2011\/09\/23\/el-senorio-de-tamajon-los-inicios\/\"><b><i>Se\u00f1or\u00edo<\/i><\/b><\/a>.<\/span><\/li>\n<li class=\"MsoNormal\"><span style=\"font-size:11pt;\">Los pueblos del <a href=\"http:\/\/blog.laveredadepuebla.com\/2009\/10\/05\/comunes-en-la-ribera-de-villa-y-tierra\/\"><b><i>Se\u00f1or\u00edo de Bele\u00f1a<\/i><\/b> <\/a>compart\u00edan en igualdad sus tierras de pastos.<a href=\"http:\/\/laveredadepuebla.files.wordpress.com\/2013\/08\/130816-tierras-comunales.jpg\"><img loading=\"lazy\" decoding=\"async\" class=\"alignright size-medium wp-image-12856\" alt=\"130816 Tierras comunales\" src=\"https:\/\/blog.sierranortedeguadalajara.com\/wp-content\/uploads\/2023\/02\/130816-tierras-comunales.jpg\" width=\"300\" height=\"225\" \/><\/a><\/span><\/li>\n<li class=\"MsoNormal\"><b><i><span style=\"font-size:11pt;\"><a href=\"http:\/\/www.laveredadepuebla.com\/rutasypueblos\/alpedrete.pdf\">Alpedrete<\/a>, <a href=\"http:\/\/www.laveredadepuebla.com\/rutasypueblos\/valdepenas.pdf\">Valdepe\u00f1as,<\/a> <a href=\"http:\/\/www.laveredadepuebla.com\/rutasypueblos\/tortuero.pdf\">Tortuero,<\/a> Puebla de Valles, <a href=\"http:\/\/www.laveredadepuebla.com\/rutasypueblos\/valdesotos.pdf\">Valdesotos<\/a><\/span><\/i><\/b><span style=\"font-size:11pt;\"> compart\u00edan sus pastos (diez mil fanegas) con las villas de la <a href=\"http:\/\/blog.laveredadepuebla.com\/2010\/11\/06\/sobre-el-comun-de%C2%A0uceda\/\">Comunidad de Uceda<\/a> y Torrelaguna, \u00a0y del Se\u00f1or\u00edo de Bele\u00f1a (<b><i>las 18 villas<\/i><\/b>).<\/span><\/li>\n<li class=\"MsoNormal\"><span style=\"font-size:11pt;\">En <b><i>Puebla de Bele\u00f1a<\/i><\/b> hab\u00eda un terreno de realengo, <b><i>los Rehenes,<\/i><\/b> que pertenec\u00eda comunalmente a las <b><i>18 villas<\/i><\/b>. M\u00e1s de mil ochocientas fanegas para pastos y 180 de labranza.<\/span><\/li>\n<\/ul>\n<p class=\"MsoNormal\"><span style=\"font-size:11pt;\">La gran superficie dedicada a pastos, su aprovechamiento com\u00fan por las 18 villas y\/o en igualdad por los pueblos del Se\u00f1or\u00edo de Bele\u00f1a,\u00a0 denotan la importancia de la ganader\u00eda y de la Mesta en la comarca. Lo contaremos.<\/span><\/p>\n<p class=\"MsoNormal\"><b><i>Lar-ami<\/i><\/b><\/p>\n","protected":false},"excerpt":{"rendered":"<p>Seg\u00fan recoge el Catastro de la Ensenada, en cada pueblo hab\u00eda tierras de aprovechamiento com\u00fan; los tipos, superficie y usos depend\u00edan de su geograf\u00eda e historia. Los m\u00e1s habituales en La Ribera eran: Dehesa boyal, besana acotada para pastos del ganado de labor (mulas, bueyes, vacas, burros, caballos, \u2026), de uso exclusivo para los vecinos &hellip; <\/p>\n<p class=\"link-more\"><a href=\"https:\/\/blog.sierranortedeguadalajara.com\/?p=12853\" class=\"more-link\">Seguir leyendo<span class=\"screen-reader-text\"> \u00abTierras comunales en el siglo XVIII\u00bb<\/span><\/a><\/p>\n","protected":false},"author":1,"featured_media":0,"comment_status":"open","ping_status":"open","sticky":false,"template":"","format":"standard","meta":{"footnotes":""},"categories":[6,9],"tags":[2,70,72,4,5,33,145,181,8,11,21,206,212,27],"class_list":["post-12853","post","type-post","status-publish","format-standard","hentry","category-mundo-rural","category-rincones-de-la-sierra-norte","tag-actualidad","tag-almiruete","tag-alpedrete-de-la-sierra","tag-cultura","tag-historia","tag-la-mierla","tag-la-ribera","tag-puebla-de-belena","tag-puebla-de-valles","tag-siglo-xviii","tag-tamajon","tag-tortuero","tag-valdepenas","tag-valdesotos","entry"],"_links":{"self":[{"href":"https:\/\/blog.sierranortedeguadalajara.com\/index.php?rest_route=\/wp\/v2\/posts\/12853","targetHints":{"allow":["GET"]}}],"collection":[{"href":"https:\/\/blog.sierranortedeguadalajara.com\/index.php?rest_route=\/wp\/v2\/posts"}],"about":[{"href":"https:\/\/blog.sierranortedeguadalajara.com\/index.php?rest_route=\/wp\/v2\/types\/post"}],"author":[{"embeddable":true,"href":"https:\/\/blog.sierranortedeguadalajara.com\/index.php?rest_route=\/wp\/v2\/users\/1"}],"replies":[{"embeddable":true,"href":"https:\/\/blog.sierranortedeguadalajara.com\/index.php?rest_route=%2Fwp%2Fv2%2Fcomments&post=12853"}],"version-history":[{"count":1,"href":"https:\/\/blog.sierranortedeguadalajara.com\/index.php?rest_route=\/wp\/v2\/posts\/12853\/revisions"}],"predecessor-version":[{"id":29500,"href":"https:\/\/blog.sierranortedeguadalajara.com\/index.php?rest_route=\/wp\/v2\/posts\/12853\/revisions\/29500"}],"wp:attachment":[{"href":"https:\/\/blog.sierranortedeguadalajara.com\/index.php?rest_route=%2Fwp%2Fv2%2Fmedia&parent=12853"}],"wp:term":[{"taxonomy":"category","embeddable":true,"href":"https:\/\/blog.sierranortedeguadalajara.com\/index.php?rest_route=%2Fwp%2Fv2%2Fcategories&post=12853"},{"taxonomy":"post_tag","embeddable":true,"href":"https:\/\/blog.sierranortedeguadalajara.com\/index.php?rest_route=%2Fwp%2Fv2%2Ftags&post=12853"}],"curies":[{"name":"wp","href":"https:\/\/api.w.org\/{rel}","templated":true}]}}