{"id":12835,"date":"2013-08-10T00:05:29","date_gmt":"2013-08-09T22:05:29","guid":{"rendered":"http:\/\/blog.laveredadepuebla.com\/?p=12835"},"modified":"2023-02-10T12:25:03","modified_gmt":"2023-02-10T12:25:03","slug":"las-perseidas-2013-la-leyenda","status":"publish","type":"post","link":"https:\/\/blog.sierranortedeguadalajara.com\/?p=12835","title":{"rendered":"Las Perseidas 2013: la leyenda"},"content":{"rendered":"<p><!--[if gte mso 9]&gt;--><\/p>\n<p><a href=\"http:\/\/blog.laveredadepuebla.com\/2012\/08\/09\/perseidas-2012-lagrimas-de-san-lorenzo\/\"><b><i><span style=\"font-size:11pt;\">Una vez m\u00e1s<\/span><\/i><\/b><\/a><span style=\"font-size:11pt;\"> han llegado <a href=\"http:\/\/educacion.practicopedia.lainformacion.com\/astronomia\/como-es-el-calendario-de-la-lluvia-de-estrellas-perseidas-2013-19432\"><b><i>las l\u00e1grimas de San Lorenzo<\/i><\/b><\/a>; lo hicieron el 17 de julio y estar\u00e1n aqu\u00ed hasta el 24 de agosto. Este a\u00f1o la mejor observaci\u00f3n ser\u00e1 la madrugada del 12 al 13. La luna estar\u00e1 en cuarto creciente, pero se ocultar\u00e1 sobre las 12 de la noche y habr\u00e1 oscuridad total. <a href=\"https:\/\/blog.sierranortedeguadalajara.com\/wp-content\/uploads\/2023\/02\/130810-perseidas-2013.jpg\"><img loading=\"lazy\" decoding=\"async\" class=\"alignright size-full wp-image-12836\" alt=\"130810 Perseidas 2013\" src=\"https:\/\/blog.sierranortedeguadalajara.com\/wp-content\/uploads\/2023\/02\/130810-perseidas-2013.jpg\" width=\"300\" height=\"336\" \/><\/a><\/span><\/p>\n<p class=\"MsoNormal\"><span style=\"font-size:11pt;\">S<\/span><span style=\"font-size:11pt;\">i te apetece observarlas en un entorno natural, elige buen sitio (en <a href=\"http:\/\/www.laveredadepuebla.com\/rutasypueblos.htm\"><b><i>La Ribera<\/i><\/b><\/a> tenemos muchos, por ejemplo la dehesa de <a href=\"http:\/\/www.laveredadepuebla.com\/rutasypueblos\/pueblava.pdf\"><b><i>Puebla de Valles<\/i><\/b><\/a>) y buena compa\u00f1\u00eda. Ll\u00e9vate una manta, algo de comer\/beber y busca la constelaci\u00f3n de Perseo <a href=\"http:\/\/www.planetmad.es\/saber\/perseidas.html\">(<\/a><b><i>ay\u00fadate de <a href=\"http:\/\/www.planetmad.es\/saber\/perseidas.html\">un planetario<\/a><\/i><\/b> y\/o <b><i><a href=\"http:\/\/www.stellarium.org\/es\/\">una buena gu\u00eda<\/a>). <\/i><\/b>Las estrellas fugaces aparecer\u00e1n por el norte y seg\u00fan avance la madrugada, lo ir\u00e1n haciendo desde el centro del cielo por la rotaci\u00f3n\u00a0 de la tierra. <\/span><\/p>\n<p class=\"MsoNormal\"><span style=\"font-size:11pt;\">Aunque <a href=\"http:\/\/espanol.earthsky.org\/guias-astronomicas\/guia-de-lluvia-de-estrellas\"><b><i>lluvias de estrellas<\/i><\/b> <\/a>hay muchas (Cuadr\u00e1ntidas, L\u00edridas, \u00a0Acu\u00e1ridas, \u00a0Drac\u00f3nidas, Ori\u00f3nidas, Taurinas, Leonidas, Geminidas<b>)<\/b> y espectaculares, ninguna tan conocida como <a href=\"http:\/\/www.asociacionastronomicadeespa\u00f1a.es\/perseidas-2013.html\"><b><i>Las Perseidas<\/i><\/b><\/a>: por fechas, visibilidad, \u2026 y <b><i>por la leyenda.<\/i><\/b><\/span><\/p>\n<p class=\"MsoNormal\"><span style=\"font-size:11pt;\">Cuentan que cuando San Lorenzo estaba en la parrilla a punto de morir (Roma, a\u00f1o 258), su \u00faltimo pensamiento fue para el hombre y su futuro. Comprendi\u00f3 que los poderosos seguir\u00edan oprimiendo a los dem\u00e1s, que religiosos y gobernantes, en vez de ampararlos estar\u00edan al lado del poder, que el sufrimiento del hombre depender\u00eda de \u00e9pocas y lugares, \u2026 pero que nunca terminar\u00eda. Y no pudo reprimir unas l\u00e1grimas.<\/span><\/p>\n<p class=\"MsoNormal\"><span style=\"font-size:11pt;\">Dicen que, rememorando su martirio, el santo analiza el a\u00f1o, visualiza como ser\u00e1 el pr\u00f3ximo y llora en silencio, dejando caer sus l\u00e1grimas en forma de estrellas fugaces. Por eso la <\/span><a href=\"http:\/\/www.somyce.org\/index.php\"><b><i><span style=\"font-size:11pt;\">visibilidad de Las Perseidas<\/span><\/i><\/b><\/a><span style=\"font-size:11pt;\"> depende del pa\u00eds y del a\u00f1o.\u00a0 <\/span><i><\/i><\/p>\n<p class=\"MsoNormal\"><span style=\"font-size:11pt;\">Ahora no saques conclusiones precipitadas, <\/span><b><i><span style=\"font-size:11pt;\">\u00a1Solo es una leyenda!<\/span><\/i><\/b><i><\/i><\/p>\n<p class=\"MsoNormal\"><i><span style=\"font-size:11pt;\">\u00a0<\/span><\/i><i><span style=\"font-size:11pt;\"><b>Lar-ami<\/b><\/span><\/i><\/p>\n","protected":false},"excerpt":{"rendered":"<p>Una vez m\u00e1s han llegado las l\u00e1grimas de San Lorenzo; lo hicieron el 17 de julio y estar\u00e1n aqu\u00ed hasta el 24 de agosto. Este a\u00f1o la mejor observaci\u00f3n ser\u00e1 la madrugada del 12 al 13. La luna estar\u00e1 en cuarto creciente, pero se ocultar\u00e1 sobre las 12 de la noche y habr\u00e1 oscuridad total. &hellip; <\/p>\n<p class=\"link-more\"><a href=\"https:\/\/blog.sierranortedeguadalajara.com\/?p=12835\" class=\"more-link\">Seguir leyendo<span class=\"screen-reader-text\"> \u00abLas Perseidas 2013: la leyenda\u00bb<\/span><\/a><\/p>\n","protected":false},"author":1,"featured_media":0,"comment_status":"open","ping_status":"open","sticky":false,"template":"","format":"standard","meta":{"footnotes":""},"categories":[12,6],"tags":[100,4,5,145,8],"class_list":["post-12835","post","type-post","status-publish","format-standard","hentry","category-actualidad","category-mundo-rural","tag-costumbres-y-tradiciones","tag-cultura","tag-historia","tag-la-ribera","tag-puebla-de-valles","entry"],"_links":{"self":[{"href":"https:\/\/blog.sierranortedeguadalajara.com\/index.php?rest_route=\/wp\/v2\/posts\/12835","targetHints":{"allow":["GET"]}}],"collection":[{"href":"https:\/\/blog.sierranortedeguadalajara.com\/index.php?rest_route=\/wp\/v2\/posts"}],"about":[{"href":"https:\/\/blog.sierranortedeguadalajara.com\/index.php?rest_route=\/wp\/v2\/types\/post"}],"author":[{"embeddable":true,"href":"https:\/\/blog.sierranortedeguadalajara.com\/index.php?rest_route=\/wp\/v2\/users\/1"}],"replies":[{"embeddable":true,"href":"https:\/\/blog.sierranortedeguadalajara.com\/index.php?rest_route=%2Fwp%2Fv2%2Fcomments&post=12835"}],"version-history":[{"count":1,"href":"https:\/\/blog.sierranortedeguadalajara.com\/index.php?rest_route=\/wp\/v2\/posts\/12835\/revisions"}],"predecessor-version":[{"id":29506,"href":"https:\/\/blog.sierranortedeguadalajara.com\/index.php?rest_route=\/wp\/v2\/posts\/12835\/revisions\/29506"}],"wp:attachment":[{"href":"https:\/\/blog.sierranortedeguadalajara.com\/index.php?rest_route=%2Fwp%2Fv2%2Fmedia&parent=12835"}],"wp:term":[{"taxonomy":"category","embeddable":true,"href":"https:\/\/blog.sierranortedeguadalajara.com\/index.php?rest_route=%2Fwp%2Fv2%2Fcategories&post=12835"},{"taxonomy":"post_tag","embeddable":true,"href":"https:\/\/blog.sierranortedeguadalajara.com\/index.php?rest_route=%2Fwp%2Fv2%2Ftags&post=12835"}],"curies":[{"name":"wp","href":"https:\/\/api.w.org\/{rel}","templated":true}]}}