{"id":12820,"date":"2013-08-02T00:05:29","date_gmt":"2013-08-01T22:05:29","guid":{"rendered":"http:\/\/blog.laveredadepuebla.com\/?p=12820"},"modified":"2023-02-10T12:25:04","modified_gmt":"2023-02-10T12:25:04","slug":"incendio-de-valdepenas-de-la-sierra","status":"publish","type":"post","link":"https:\/\/blog.sierranortedeguadalajara.com\/?p=12820","title":{"rendered":"Incendio de Valdepe\u00f1as de la Sierra"},"content":{"rendered":"<p><!--[if gte mso 9]&gt;--><\/p>\n<p>El 30 de julio a las 12.50 h, desde la torre de vigilancia del Guijo, Mateo Alonso (propietario del bar Casa Mateo) de <a href=\"http:\/\/www.laveredadepuebla.com\/rutasypueblos\/visitapueblava.pdf\"><b><i>Puebla de Valles<\/i><\/b><\/a> dio la voz de alarma. Una columna de humo se elevaba desde la besana del Rubial (<a href=\"http:\/\/www.laveredadepuebla.com\/rutasypueblos\/valdepenas.pdf\"><b><i>Valdepe\u00f1as de la Sierra<\/i><\/b><\/a>), el mismo lugar donde se produjo el <b><i><a href=\"http:\/\/www.laveredadepuebla.com\/rutasypueblos\/valdepenas.pdf\">incendio del 7 de julio de 2.012<\/a>.<\/i><\/b><span style=\"font-size:11pt;\">El origen ha sido el mismo (una chispa producida por el peine de una cosechadora al chocar contra la piedra). Cierto que es un terreno pedregoso, irregular y con cereal de tallo corto, pero se supone experiencia del conductor en besanas similares.<\/span><\/p>\n<p class=\"MsoNormal\" style=\"text-align:justify;text-justify:inter-ideograph;\"><span style=\"font-size:11pt;\">Esta vez, el terreno quemado el a\u00f1o pasado ha actuado de cortafuegos por el sur; las llamas se detuvieron a orillas del <a href=\"http:\/\/blog.laveredadepuebla.com\/2009\/08\/27\/rio-jarama\/\"><b><i>Jarama<\/i><\/b><\/a>. Conviene resaltar que varios labradores de <a href=\"http:\/\/www.laveredadepuebla.com\/rutasypueblos\/pueblava.pdf\"><b><i>Puebla de Valles<\/i><\/b><\/a> bajaron con sus tractores hasta el r\u00edo por si fuera necesaria su ayuda.<\/span><\/p>\n<p class=\"MsoNormal\" style=\"text-align:justify;text-justify:inter-ideograph;\"><span style=\"font-size:11pt;\">El viento extendi\u00f3 el fuego hacia el nordeste, tomando el <a href=\"http:\/\/www.laveredadepuebla.com\/rutasypueblos\/tortuero.pdf\"><b><i>ca\u00f1\u00f3n de Tortuero<\/i><\/b><\/a> como atajo, rode\u00f3 el pueblo y sigui\u00f3 monte arriba en direcci\u00f3n hacia <a href=\"http:\/\/www.laveredadepuebla.com\/rutasypueblos\/valdesotos.pdf\"><b><i>Valdesotos<\/i><\/b><\/a> (el pueblo no se ha visto afectado). Los montes del Palancar y de Cuerda Gallinera han sido pastos de las llamas; los barrancos calizos est\u00e1n calcinados. Los pueblos se han librado y su evacuaci\u00f3n (120 personas) ha sido por el humo. <\/span><span style=\"font-size:11pt;\">El fuego <a href=\"http:\/\/www.rtve.es\/noticias\/20130801\/incendio-declarado-valdepenas-guadalajara-afecta-1300-hectareas\/728580\">ha afectado a 1.300 Has<\/a> y algunos parajes emblem\u00e1ticos de <b><i>La Ribera<\/i><\/b>, pero no a personas, afortunadamente. Ha sido controlado a las 19,00 del 1 de agosto tras un despliegue espectacular de aviones, camiones y personal. <\/span><\/p>\n<p class=\"MsoNormal\" style=\"text-align:justify;text-justify:inter-ideograph;\"><span style=\"font-size:11pt;\">La Consejera de Medio Ambiente acudi\u00f3 rauda a ponerse al frente del operativo para aparecer en los medios de comunicaci\u00f3n.<\/span><span style=\"font-size:11pt;\">Ya no se acuerda que ha impulsado un ERE que pretend\u00eda reducir efectivos, pasar al personal de fijo a discontinuo, reduciendo su tiempo de trabajo a 9 meses. Declarado nulo por los tribunales, la Sra Soriano, en un ataque democr\u00e1tico, dijo que daba igual y que se llevar\u00eda a cabo.<\/span><\/p>\n<p class=\"MsoNormal\" style=\"text-align:justify;text-justify:inter-ideograph;\"><span style=\"font-size:11pt;\">Y he de decir (y hablo en nombre de muchos habitantes de la <a href=\"http:\/\/blog.laveredadepuebla.com\/2013\/05\/20\/la-sierra-norte-de-guadalajara-se-mueve\/\"><b><i>Sierra Norte<\/i><\/b><\/a>) que gracias a las <a href=\"http:\/\/blog.laveredadepuebla.com\/2011\/09\/05\/el-reten-de-el-vado\/\"><strong><em>brigadas antiincendios<\/em><\/strong><\/a> nos sentimos m\u00e1s seguros. Nuestro agradecimiento y nuestro respeto por protegernos y por dar vida a los pueblos peque\u00f1os. <\/span><\/p>\n<p class=\"MsoNormal\" style=\"text-align:justify;text-justify:inter-ideograph;\"><span style=\"font-size:11pt;\">\u00a0<\/span><b><i><span style=\"font-size:11pt;\">Lar-ami<\/span><\/i><\/b><\/p>\n","protected":false},"excerpt":{"rendered":"<p>El 30 de julio a las 12.50 h, desde la torre de vigilancia del Guijo, Mateo Alonso (propietario del bar Casa Mateo) de Puebla de Valles dio la voz de alarma. Una columna de humo se elevaba desde la besana del Rubial (Valdepe\u00f1as de la Sierra), el mismo lugar donde se produjo el incendio del &hellip; <\/p>\n<p class=\"link-more\"><a href=\"https:\/\/blog.sierranortedeguadalajara.com\/?p=12820\" class=\"more-link\">Seguir leyendo<span class=\"screen-reader-text\"> \u00abIncendio de Valdepe\u00f1as de la Sierra\u00bb<\/span><\/a><\/p>\n","protected":false},"author":1,"featured_media":0,"comment_status":"open","ping_status":"open","sticky":false,"template":"","format":"standard","meta":{"footnotes":""},"categories":[12,9],"tags":[2,13,145,7,8,206,212,27],"class_list":["post-12820","post","type-post","status-publish","format-standard","hentry","category-actualidad","category-rincones-de-la-sierra-norte","tag-actualidad","tag-guadalajara","tag-la-ribera","tag-naturaleza","tag-puebla-de-valles","tag-tortuero","tag-valdepenas","tag-valdesotos","entry"],"_links":{"self":[{"href":"https:\/\/blog.sierranortedeguadalajara.com\/index.php?rest_route=\/wp\/v2\/posts\/12820","targetHints":{"allow":["GET"]}}],"collection":[{"href":"https:\/\/blog.sierranortedeguadalajara.com\/index.php?rest_route=\/wp\/v2\/posts"}],"about":[{"href":"https:\/\/blog.sierranortedeguadalajara.com\/index.php?rest_route=\/wp\/v2\/types\/post"}],"author":[{"embeddable":true,"href":"https:\/\/blog.sierranortedeguadalajara.com\/index.php?rest_route=\/wp\/v2\/users\/1"}],"replies":[{"embeddable":true,"href":"https:\/\/blog.sierranortedeguadalajara.com\/index.php?rest_route=%2Fwp%2Fv2%2Fcomments&post=12820"}],"version-history":[{"count":1,"href":"https:\/\/blog.sierranortedeguadalajara.com\/index.php?rest_route=\/wp\/v2\/posts\/12820\/revisions"}],"predecessor-version":[{"id":29511,"href":"https:\/\/blog.sierranortedeguadalajara.com\/index.php?rest_route=\/wp\/v2\/posts\/12820\/revisions\/29511"}],"wp:attachment":[{"href":"https:\/\/blog.sierranortedeguadalajara.com\/index.php?rest_route=%2Fwp%2Fv2%2Fmedia&parent=12820"}],"wp:term":[{"taxonomy":"category","embeddable":true,"href":"https:\/\/blog.sierranortedeguadalajara.com\/index.php?rest_route=%2Fwp%2Fv2%2Fcategories&post=12820"},{"taxonomy":"post_tag","embeddable":true,"href":"https:\/\/blog.sierranortedeguadalajara.com\/index.php?rest_route=%2Fwp%2Fv2%2Ftags&post=12820"}],"curies":[{"name":"wp","href":"https:\/\/api.w.org\/{rel}","templated":true}]}}