{"id":12806,"date":"2013-07-27T13:00:55","date_gmt":"2013-07-27T11:00:55","guid":{"rendered":"http:\/\/blog.laveredadepuebla.com\/?p=12806"},"modified":"2023-02-10T12:25:05","modified_gmt":"2023-02-10T12:25:05","slug":"cultivos-en-la-ribera-en-el-siglo-xviii","status":"publish","type":"post","link":"https:\/\/blog.sierranortedeguadalajara.com\/?p=12806","title":{"rendered":"Cultivos en La Ribera en el siglo XVIII"},"content":{"rendered":"<p><!--[if gte mso 9]&gt;--><\/p>\n<p>La informaci\u00f3n que proporciona el <a href=\"http:\/\/blog.laveredadepuebla.com\/2013\/06\/28\/el-catastro-del-marques-de-la-ensenada\/\"><b><i>Catastro de la Ensenada <\/i><\/b><\/a>sobre cultivos es muy valiosa: desde un croquis del t\u00e9rmino, su superficie en <a href=\"http:\/\/www.arrakis.es\/~lavelane\/medidas_espannolas\/superficiales.htm\"><b><i>fanegas<\/i><\/b> <\/a>(3.105 mts aprox.), distribuci\u00f3n (en tierra de sembradura, regad\u00edo, dehesa, monte hueco, matorrales, \u2026), incluso por besanas y calidad de la tierra. Posiblemente, estos datos solo interesen a <a href=\"http:\/\/www.laveredadepuebla.com\/rutasypueblos.htm\"><b><i>nivel local,<\/i><\/b><\/a> pero merece la pena resaltar algunos:<\/p>\n<ul style=\"margin-top:0;\" type=\"square\">\n<li class=\"MsoNormal\"><span style=\"font-size:11pt;\">No se declaran tierras de regad\u00edo en <a href=\"http:\/\/www.laveredadepuebla.com\/rutasypueblos\/alpedrete.pdf\"><b><i>Alpedrete<\/i><\/b><\/a>, <a href=\"http:\/\/www.laveredadepuebla.com\/rutasypueblos\/pueblabe.pdf\"><b><i>Puebla de Bele\u00f1a<\/i><\/b><\/a> y <a href=\"http:\/\/www.laveredadepuebla.com\/rutasypueblos\/valdesotos.pdf\"><b><i>Valdesotos<\/i><\/b><\/a>; hoy si las hay. De escasa superficie (8 fanegas en <a href=\"http:\/\/www.laveredadepuebla.com\/rutasypueblos\/valdepenas.pdf\"><b><i>Valdepe\u00f1as<\/i><\/b><\/a>), en ellas se cultivaban hortalizas.<\/span><\/li>\n<li class=\"MsoNormal\"><span style=\"font-size:11pt;\">Se sembraba fundamentalmente trigo, cebada, avena, centeno, heno, \u2026 lo que denota que era tierra ganadera, como atestigua la importancia que le dan a las bellotas. <\/span><\/li>\n<li class=\"MsoNormal\"><span style=\"font-size:11pt;\">En <a href=\"http:\/\/www.laveredadepuebla.com\/rutasypueblos\/belena.pdf\"><b><i>Bele\u00f1a<\/i><\/b>,<\/a> <b><i><a href=\"http:\/\/www.laveredadepuebla.com\/rutasypueblos\/muriel.pdf\">Muriel,<\/a> <a href=\"http:\/\/www.laveredadepuebla.com\/rutasypueblos\/tamajon.pdf\">Tamajon<\/a><\/i><\/b> tambi\u00e9n se produc\u00edan garbanzos. En <a href=\"http:\/\/www.laveredadepuebla.com\/rutasypueblos\/almiruete.pdf\"><b><i>Almiruete <\/i><\/b><\/a>c\u00e1\u00f1amo y caf\u00e9 (???).<a href=\"http:\/\/laveredadepuebla.files.wordpress.com\/2013\/07\/cultivos-siglo-xviii.jpg\"><img loading=\"lazy\" decoding=\"async\" class=\"alignright size-medium wp-image-12808\" alt=\"Cultivos siglo XVIII\" src=\"https:\/\/blog.sierranortedeguadalajara.com\/wp-content\/uploads\/2023\/02\/cultivos-siglo-xviii.jpg\" width=\"300\" height=\"225\" \/><\/a><\/span><\/li>\n<li class=\"MsoNormal\"><span style=\"font-size:11pt;\">Los frutales estaban dispersos por el t\u00e9rmino, aprovechando huecos. Los mas habituales eran: guindos, ciruelos, perales, higueras, nogales, almendros,\u2026 <\/span><\/li>\n<li class=\"MsoNormal\"><span style=\"font-size:11pt;\">En las orillas de barrancos y arroyos hab\u00eda olmedas, \u00e1lamos blancos, sauces y sargas. Unos a\u00f1os antes el rey hab\u00eda ordenado\u00a0 la plantaci\u00f3n de \u00e1lamos negros.<\/span><\/li>\n<li class=\"MsoNormal\"><span style=\"font-size:11pt;\">Montes huecos (de encinas, robles, quejigos, \u2026) se explotaban para la corta de le\u00f1a y el carboneo, con un rendimiento m\u00e1s que aceptable (hasta 12 reales por fanega y a\u00f1o).<\/span><\/li>\n<li class=\"MsoNormal\"><span style=\"font-size:11pt;\">Abundaban los olivos (80 fanegas en <a href=\"http:\/\/www.laveredadepuebla.com\/rutasypueblos\/pueblava.pdf\"><b><i>Puebla de Valles<\/i><\/b><\/a>; ninguna en Almiruete), generalmente dispersos y\/o en peque\u00f1as parcelas. <\/span><\/li>\n<li class=\"MsoNormal\"><span style=\"font-size:11pt;\">Las vi\u00f1as estaban ubicadas en parcelas de buen tama\u00f1o, aprovechando terrenos de secano y\/o cerros. Era un cultivo importante, que en Puebla de Valles ocupaba 600 fanegas y 900 en Valdepe\u00f1as.<\/span><\/li>\n<\/ul>\n<p class=\"MsoNormal\"><span style=\"font-size:11pt;\">\u00a0<\/span><span style=\"font-size:11pt;\">Una curiosidad m\u00e1s: en <b><i>Puebla de Bele\u00f1a<\/i><\/b> a las preguntas \u00a06 y 7 (\u00e1rboles del t\u00e9rmino y donde estaban situados), no responden porque dicen que<strong><em> \u201cno las entienden\u201d<\/em><\/strong>.<\/span><\/p>\n<p class=\"MsoNormal\"><span style=\"font-size:11pt;\">\u00a0<\/span><b><i>Lar-ami<\/i><\/b><\/p>\n","protected":false},"excerpt":{"rendered":"<p>La informaci\u00f3n que proporciona el Catastro de la Ensenada sobre cultivos es muy valiosa: desde un croquis del t\u00e9rmino, su superficie en fanegas (3.105 mts aprox.), distribuci\u00f3n (en tierra de sembradura, regad\u00edo, dehesa, monte hueco, matorrales, \u2026), incluso por besanas y calidad de la tierra. Posiblemente, estos datos solo interesen a nivel local, pero merece &hellip; <\/p>\n<p class=\"link-more\"><a href=\"https:\/\/blog.sierranortedeguadalajara.com\/?p=12806\" class=\"more-link\">Seguir leyendo<span class=\"screen-reader-text\"> \u00abCultivos en La Ribera en el siglo XVIII\u00bb<\/span><\/a><\/p>\n","protected":false},"author":1,"featured_media":0,"comment_status":"open","ping_status":"open","sticky":false,"template":"","format":"standard","meta":{"footnotes":""},"categories":[9],"tags":[2,70,71,47,4,5,145,160,181,8,11,21,212],"class_list":["post-12806","post","type-post","status-publish","format-standard","hentry","category-rincones-de-la-sierra-norte","tag-actualidad","tag-almiruete","tag-alpedrete","tag-belena","tag-cultura","tag-historia","tag-la-ribera","tag-muriel","tag-puebla-de-belena","tag-puebla-de-valles","tag-siglo-xviii","tag-tamajon","tag-valdepenas","entry"],"_links":{"self":[{"href":"https:\/\/blog.sierranortedeguadalajara.com\/index.php?rest_route=\/wp\/v2\/posts\/12806","targetHints":{"allow":["GET"]}}],"collection":[{"href":"https:\/\/blog.sierranortedeguadalajara.com\/index.php?rest_route=\/wp\/v2\/posts"}],"about":[{"href":"https:\/\/blog.sierranortedeguadalajara.com\/index.php?rest_route=\/wp\/v2\/types\/post"}],"author":[{"embeddable":true,"href":"https:\/\/blog.sierranortedeguadalajara.com\/index.php?rest_route=\/wp\/v2\/users\/1"}],"replies":[{"embeddable":true,"href":"https:\/\/blog.sierranortedeguadalajara.com\/index.php?rest_route=%2Fwp%2Fv2%2Fcomments&post=12806"}],"version-history":[{"count":1,"href":"https:\/\/blog.sierranortedeguadalajara.com\/index.php?rest_route=\/wp\/v2\/posts\/12806\/revisions"}],"predecessor-version":[{"id":29516,"href":"https:\/\/blog.sierranortedeguadalajara.com\/index.php?rest_route=\/wp\/v2\/posts\/12806\/revisions\/29516"}],"wp:attachment":[{"href":"https:\/\/blog.sierranortedeguadalajara.com\/index.php?rest_route=%2Fwp%2Fv2%2Fmedia&parent=12806"}],"wp:term":[{"taxonomy":"category","embeddable":true,"href":"https:\/\/blog.sierranortedeguadalajara.com\/index.php?rest_route=%2Fwp%2Fv2%2Fcategories&post=12806"},{"taxonomy":"post_tag","embeddable":true,"href":"https:\/\/blog.sierranortedeguadalajara.com\/index.php?rest_route=%2Fwp%2Fv2%2Ftags&post=12806"}],"curies":[{"name":"wp","href":"https:\/\/api.w.org\/{rel}","templated":true}]}}