{"id":12798,"date":"2013-07-24T00:05:59","date_gmt":"2013-07-23T22:05:59","guid":{"rendered":"http:\/\/blog.laveredadepuebla.com\/?p=12798"},"modified":"2023-02-10T12:25:05","modified_gmt":"2023-02-10T12:25:05","slug":"coplas-de-puebla-de-belena","status":"publish","type":"post","link":"https:\/\/blog.sierranortedeguadalajara.com\/?p=12798","title":{"rendered":"Coplas de Puebla de Bele\u00f1a"},"content":{"rendered":"<p><!--[if gte mso 9]&gt;--><\/p>\n<p class=\"MsoNormal\" style=\"text-align:left;\"><span style=\"font-size:11pt;\">Del art\u00edculo del maestro <a href=\"http:\/\/blog.laveredadepuebla.com\/2012\/02\/20\/don-sinforiano-garcia-sanz\/\"><b><i>Sinforiano Garc\u00eda Sanz<\/i><\/b> <\/a>del 7 noviembre 1.984 <a href=\"http:\/\/blog.laveredadepuebla.com\/2013\/07\/17\/romancero-de-las-pueblas-de-belena-y-de-valles\"><b><i>\u201cDel romancero de las Pueblas y su geograf\u00eda popular\u201d, <\/i><\/b><\/a>\u00a0entresacamos estas coplillas: <\/span><\/p>\n<p style=\"text-align:center;\"><i><span style=\"font-size:11pt;\">Nace el sol por Alarilla<\/span><\/i><br \/>\n<i><span style=\"font-size:11pt;\">y llega a <a href=\"http:\/\/www.laveredadepuebla.com\/rutasypueblos\/pueblabe.pdf\">Puebla de Bele\u00f1a<\/a>,<\/span><\/i><br \/>\n<i><span style=\"font-size:11pt;\">reluce por la Campi\u00f1a<\/span><\/i><br \/>\n<i><span style=\"font-size:11pt;\">y se marcha por Uceda.<\/span><\/i><\/p>\n<p style=\"text-align:center;\"><i><span style=\"font-size:11pt;\">Viva Puebla de Bele\u00f1a<\/span><\/i><br \/>\n<i><span style=\"font-size:11pt;\">y San Juan que es su patr\u00f3n,<\/span><\/i><br \/>\n<i><span style=\"font-size:11pt;\">viva la sal y la gracia<\/span><\/i><br \/>\n<i><span style=\"font-size:11pt;\">aunque no la tenga yo.<\/span><\/i><\/p>\n<p style=\"text-align:center;\"><b><i><span style=\"font-size:11pt;\">(Seguidilla) <\/span><\/i><\/b><i><span style=\"font-size:11pt;\">Los cantares que se cantan<\/span><\/i><br \/>\n<i><span style=\"font-size:11pt;\">en la Campi\u00f1a,<\/span><\/i><br \/>\n<i><span style=\"font-size:11pt;\">son como flechas de amor<\/span><\/i><br \/>\n<i><span style=\"font-size:11pt;\">de los ojos de mi ni\u00f1a.<\/span><\/i><br \/>\n<i><span style=\"font-size:11pt;\">Anda salero<\/span><\/i><br \/>\n<i><span style=\"font-size:11pt;\">que los de la Puebla<\/span><\/i><br \/>\n<i><span style=\"font-size:11pt;\">son confiteros<\/span><\/i><br \/>\n<i><\/i><br \/>\n<i><span style=\"font-size:11pt;\">Viva Puebla de Bele\u00f1a<\/span><\/i>,<br \/>\n<i><span style=\"font-size:11pt;\">el pueblo donde nac\u00ed<\/span><\/i>,<br \/>\n<i><span style=\"font-size:11pt;\">y adem\u00e1s naci\u00f3 mi novia<\/span><\/i><br \/>\n<i><span style=\"font-size:11pt;\">Donde yo la conoc\u00ed.<\/span><\/i><\/p>\n<p class=\"MsoNormal\" style=\"text-align:justify;text-justify:inter-ideograph;\"><span style=\"font-size:11pt;\">\u00a0<\/span><b><i>Lar-ami<\/i><\/b><\/p>\n","protected":false},"excerpt":{"rendered":"<p>Del art\u00edculo del maestro Sinforiano Garc\u00eda Sanz del 7 noviembre 1.984 \u201cDel romancero de las Pueblas y su geograf\u00eda popular\u201d, \u00a0entresacamos estas coplillas: Nace el sol por Alarilla y llega a Puebla de Bele\u00f1a, reluce por la Campi\u00f1a y se marcha por Uceda. Viva Puebla de Bele\u00f1a y San Juan que es su patr\u00f3n, viva &hellip; <\/p>\n<p class=\"link-more\"><a href=\"https:\/\/blog.sierranortedeguadalajara.com\/?p=12798\" class=\"more-link\">Seguir leyendo<span class=\"screen-reader-text\"> \u00abCoplas de Puebla de Bele\u00f1a\u00bb<\/span><\/a><\/p>\n","protected":false},"author":1,"featured_media":0,"comment_status":"open","ping_status":"open","sticky":false,"template":"","format":"standard","meta":{"footnotes":""},"categories":[9],"tags":[],"class_list":["post-12798","post","type-post","status-publish","format-standard","hentry","category-rincones-de-la-sierra-norte","entry"],"_links":{"self":[{"href":"https:\/\/blog.sierranortedeguadalajara.com\/index.php?rest_route=\/wp\/v2\/posts\/12798","targetHints":{"allow":["GET"]}}],"collection":[{"href":"https:\/\/blog.sierranortedeguadalajara.com\/index.php?rest_route=\/wp\/v2\/posts"}],"about":[{"href":"https:\/\/blog.sierranortedeguadalajara.com\/index.php?rest_route=\/wp\/v2\/types\/post"}],"author":[{"embeddable":true,"href":"https:\/\/blog.sierranortedeguadalajara.com\/index.php?rest_route=\/wp\/v2\/users\/1"}],"replies":[{"embeddable":true,"href":"https:\/\/blog.sierranortedeguadalajara.com\/index.php?rest_route=%2Fwp%2Fv2%2Fcomments&post=12798"}],"version-history":[{"count":1,"href":"https:\/\/blog.sierranortedeguadalajara.com\/index.php?rest_route=\/wp\/v2\/posts\/12798\/revisions"}],"predecessor-version":[{"id":29517,"href":"https:\/\/blog.sierranortedeguadalajara.com\/index.php?rest_route=\/wp\/v2\/posts\/12798\/revisions\/29517"}],"wp:attachment":[{"href":"https:\/\/blog.sierranortedeguadalajara.com\/index.php?rest_route=%2Fwp%2Fv2%2Fmedia&parent=12798"}],"wp:term":[{"taxonomy":"category","embeddable":true,"href":"https:\/\/blog.sierranortedeguadalajara.com\/index.php?rest_route=%2Fwp%2Fv2%2Fcategories&post=12798"},{"taxonomy":"post_tag","embeddable":true,"href":"https:\/\/blog.sierranortedeguadalajara.com\/index.php?rest_route=%2Fwp%2Fv2%2Ftags&post=12798"}],"curies":[{"name":"wp","href":"https:\/\/api.w.org\/{rel}","templated":true}]}}