{"id":12768,"date":"2013-07-10T00:05:27","date_gmt":"2013-07-09T22:05:27","guid":{"rendered":"http:\/\/blog.laveredadepuebla.com\/?p=12768"},"modified":"2023-02-10T12:25:06","modified_gmt":"2023-02-10T12:25:06","slug":"a-quien-pertenecian-los-pueblos-de-la-ribera","status":"publish","type":"post","link":"https:\/\/blog.sierranortedeguadalajara.com\/?p=12768","title":{"rendered":"\u00bfA quien pertenec\u00edan los pueblos de La Ribera?"},"content":{"rendered":"<p><!--[if gte mso 9]&gt;--><\/p>\n<p class=\"MsoNormal\"><span style=\"font-size:11pt;\">Por el <a href=\"http:\/\/blog.laveredadepuebla.com\/2013\/06\/28\/el-catastro-del-marques-de-la-ensenada\/\"><b><i>Catastro de la Ensenada<\/i><\/b><\/a> lo sabemos y que derechos pagaban anualmente:<\/span><\/p>\n<ul style=\"margin-top:0;\" type=\"square\">\n<li class=\"MsoNormal\"><span style=\"font-size:11pt;\">Villas de realengo, que pagaban derechos de contribuci\u00f3n al rey: <b><i><a href=\"http:\/\/www.laveredadepuebla.com\/rutasypueblos\/alpedrete.pdf\">Alpedrete<\/a>, <a href=\"http:\/\/www.laveredadepuebla.com\/rutasypueblos\/valdepenas.pdf\">Valdepe\u00f1as<\/a> y <a href=\"http:\/\/www.laveredadepuebla.com\/rutasypueblos\/valdesotos.pdf\">Valdesotos<\/a><a href=\"http:\/\/laveredadepuebla.files.wordpress.com\/2013\/07\/alpedrete_sierra.jpg\"><img loading=\"lazy\" decoding=\"async\" class=\"alignright size-medium wp-image-12769\" alt=\"Alpedrete_Sierra\" src=\"https:\/\/blog.sierranortedeguadalajara.com\/wp-content\/uploads\/2023\/02\/alpedrete_sierra.jpg\" width=\"300\" height=\"209\" \/><\/a><\/i><\/b><\/span><\/li>\n<li class=\"MsoNormal\"><b><i><span style=\"font-size:11pt;\">Puebla de Valles <\/span><\/i><\/b><span style=\"font-size:11pt;\">pertenec\u00eda al<a href=\"http:\/\/blog.laveredadepuebla.com\/2011\/01\/07\/condes-de-puebla-de-valles\/\"><b><i> Conde Puebla de Valles<\/i><\/b><\/a> al que abonaba 666 reales <\/span><\/li>\n<li class=\"MsoNormal\"><a href=\"http:\/\/blog.laveredadepuebla.com\/2011\/01\/25\/el-senor-de-tortuero\/\"><b><i><span style=\"font-size:11pt;\">Tortuero, <\/span><\/i><\/b><\/a><span style=\"font-size:11pt;\"><a href=\"http:\/\/blog.laveredadepuebla.com\/2011\/01\/25\/el-senor-de-tortuero\/\">que <b><i>como Se\u00f1or\u00edo<\/i><\/b><\/a> pertenec\u00eda al marques de\u00a0 Revilla al que pagaba contribuci\u00f3n<\/span><\/li>\n<li class=\"MsoNormal\"><b><i><span style=\"font-size:11pt;\">Tamajon <\/span><\/i><\/b><span style=\"font-size:11pt;\">\u00a0pagaba a la Duquesa del Infantado 1.400 reales de alc\u00e1bala + 350 reales por nombramientos de justicia y otros, como <a href=\"http:\/\/blog.laveredadepuebla.com\/2011\/09\/23\/el-senorio-de-tamajon-los-inicios\/\"><b><i>Se\u00f1ora de la villa<\/i><\/b><\/a>.<\/span><\/li>\n<li class=\"MsoNormal\"><a href=\"http:\/\/blog.laveredadepuebla.com\/2009\/10\/05\/comunes-en-la-ribera-de-villa-y-tierra\/\"><b><i><span style=\"font-size:11pt;\">Almiruete <\/span><\/i><\/b><\/a><span style=\"font-size:11pt;\">pertenec\u00eda al <b><i>Se\u00f1or\u00edo de Ayllon<\/i><\/b>, cuyo titular era el Marqu\u00e9s de Villena, que recib\u00eda 697 reales de vell\u00f3n como en concepto de alc\u00e1bala.<\/span><\/li>\n<\/ul>\n<p><b><i><\/i><\/b><b><i><span style=\"font-size:11pt;\"><a href=\"http:\/\/www.laveredadepuebla.com\/rutasypueblos\/belena.pdf\">El Se\u00f1or\u00edo de Bele\u00f1a<\/a>,<\/span><\/i><\/b><span style=\"font-size:11pt;\"> pertenec\u00eda al Conde de Coru\u00f1a y cada pueblo pagaba alc\u00e1balas seg\u00fan sus posibilidades: <a href=\"http:\/\/www.laveredadepuebla.com\/rutasypueblos\/lamierla.pdf\"><b><i>La Mierla <\/i><\/b><\/a>950 reales, <a href=\"http:\/\/www.laveredadepuebla.com\/rutasypueblos\/muriel.pdf\"><b><i>Muriel<\/i><\/b><\/a> \u00a0200, <a href=\"http:\/\/www.laveredadepuebla.com\/rutasypueblos\/pueblabe.pdf\"><b><i>Puebla de Bele\u00f1a <\/i><\/b><\/a>510,\u2026 Adicionalmente, en este Se\u00f1or\u00edo exist\u00edan una serie de impuestos, normalizados; quiz\u00e1s porque era el m\u00e1s organizado (y antiguo, desde el siglo XII apenas sufri\u00f3 cambios),\u00a0 y que bien merece un cap\u00edtulo aparte.<\/span><\/p>\n<p class=\"MsoNormal\"><span style=\"font-size:11pt;\">Otro cap\u00edtulo interesante es la variedad de impuestos por diferentes conceptos que pagaban vecinos y municipios,\u00a0 a las clases dirigentes. <i>\u00bfLes suena?<\/i><\/span><\/p>\n<p class=\"MsoNormal\"><span style=\"font-size:11pt;\">\u00a0<\/span><b><i>Lar-ami<\/i><\/b><\/p>\n","protected":false},"excerpt":{"rendered":"<p>Por el Catastro de la Ensenada lo sabemos y que derechos pagaban anualmente: Villas de realengo, que pagaban derechos de contribuci\u00f3n al rey: Alpedrete, Valdepe\u00f1as y Valdesotos Puebla de Valles pertenec\u00eda al Conde Puebla de Valles al que abonaba 666 reales Tortuero, que como Se\u00f1or\u00edo pertenec\u00eda al marques de\u00a0 Revilla al que pagaba contribuci\u00f3n Tamajon &hellip; <\/p>\n<p class=\"link-more\"><a href=\"https:\/\/blog.sierranortedeguadalajara.com\/?p=12768\" class=\"more-link\">Seguir leyendo<span class=\"screen-reader-text\"> \u00ab\u00bfA quien pertenec\u00edan los pueblos de La Ribera?\u00bb<\/span><\/a><\/p>\n","protected":false},"author":1,"featured_media":0,"comment_status":"open","ping_status":"open","sticky":false,"template":"","format":"standard","meta":{"footnotes":""},"categories":[9],"tags":[2,70,72,47,4,5,33,145,160,180,8,11,21,206,212],"class_list":["post-12768","post","type-post","status-publish","format-standard","hentry","category-rincones-de-la-sierra-norte","tag-actualidad","tag-almiruete","tag-alpedrete-de-la-sierra","tag-belena","tag-cultura","tag-historia","tag-la-mierla","tag-la-ribera","tag-muriel","tag-puebla-belena","tag-puebla-de-valles","tag-siglo-xviii","tag-tamajon","tag-tortuero","tag-valdepenas","entry"],"_links":{"self":[{"href":"https:\/\/blog.sierranortedeguadalajara.com\/index.php?rest_route=\/wp\/v2\/posts\/12768","targetHints":{"allow":["GET"]}}],"collection":[{"href":"https:\/\/blog.sierranortedeguadalajara.com\/index.php?rest_route=\/wp\/v2\/posts"}],"about":[{"href":"https:\/\/blog.sierranortedeguadalajara.com\/index.php?rest_route=\/wp\/v2\/types\/post"}],"author":[{"embeddable":true,"href":"https:\/\/blog.sierranortedeguadalajara.com\/index.php?rest_route=\/wp\/v2\/users\/1"}],"replies":[{"embeddable":true,"href":"https:\/\/blog.sierranortedeguadalajara.com\/index.php?rest_route=%2Fwp%2Fv2%2Fcomments&post=12768"}],"version-history":[{"count":1,"href":"https:\/\/blog.sierranortedeguadalajara.com\/index.php?rest_route=\/wp\/v2\/posts\/12768\/revisions"}],"predecessor-version":[{"id":29527,"href":"https:\/\/blog.sierranortedeguadalajara.com\/index.php?rest_route=\/wp\/v2\/posts\/12768\/revisions\/29527"}],"wp:attachment":[{"href":"https:\/\/blog.sierranortedeguadalajara.com\/index.php?rest_route=%2Fwp%2Fv2%2Fmedia&parent=12768"}],"wp:term":[{"taxonomy":"category","embeddable":true,"href":"https:\/\/blog.sierranortedeguadalajara.com\/index.php?rest_route=%2Fwp%2Fv2%2Fcategories&post=12768"},{"taxonomy":"post_tag","embeddable":true,"href":"https:\/\/blog.sierranortedeguadalajara.com\/index.php?rest_route=%2Fwp%2Fv2%2Ftags&post=12768"}],"curies":[{"name":"wp","href":"https:\/\/api.w.org\/{rel}","templated":true}]}}