{"id":11688,"date":"2013-01-17T00:05:52","date_gmt":"2013-01-16T23:05:52","guid":{"rendered":"http:\/\/blog.laveredadepuebla.com\/?p=11688"},"modified":"2023-02-10T12:26:43","modified_gmt":"2023-02-10T12:26:43","slug":"bajo-la-niebla","status":"publish","type":"post","link":"https:\/\/blog.sierranortedeguadalajara.com\/?p=11688","title":{"rendered":"Bajo la niebla &#8230;"},"content":{"rendered":"<p><a href=\"http:\/\/laveredadepuebla.files.wordpress.com\/2013\/01\/130117-bajo-niebla-1.jpg\"><img loading=\"lazy\" decoding=\"async\" class=\"wp-image-11689 alignleft\" alt=\"130117 bajo niebla 1\" src=\"https:\/\/blog.sierranortedeguadalajara.com\/wp-content\/uploads\/2023\/02\/130117-bajo-niebla-1.jpg\" width=\"210\" height=\"158\" \/><\/a><a href=\"http:\/\/laveredadepuebla.files.wordpress.com\/2013\/01\/130117-bajo-niebla-2.jpg\"><img loading=\"lazy\" decoding=\"async\" class=\"alignright  wp-image-11690\" alt=\"130117 bajo niebla 2\" src=\"https:\/\/blog.sierranortedeguadalajara.com\/wp-content\/uploads\/2023\/02\/130117-bajo-niebla-2.jpg\" width=\"240\" height=\"180\" \/><\/a>&#8230; Los paisajes de <a href=\"http:\/\/es.youtube.com\/watch?v=7GW8Ykv6Z9s\"><b><i>La Ribera<\/i><\/b><\/a>, que de por si ya son hermosos, realzan su belleza\u00a0 cuando la espesura permite vislumbrarlos. Un fen\u00f3meno poco habitual que conviene plasmar con la c\u00e1mara para no olvidarlo.<\/p>\n<p><a href=\"http:\/\/laveredadepuebla.files.wordpress.com\/2013\/01\/130117-bajo-niebla-3.jpg\"><img loading=\"lazy\" decoding=\"async\" class=\"alignright  wp-image-11691\" alt=\"130117 bajo niebla 3\" src=\"https:\/\/blog.sierranortedeguadalajara.com\/wp-content\/uploads\/2023\/02\/130117-bajo-niebla-3.jpg\" width=\"210\" height=\"158\" \/><\/a>Un recorrido por la <a href=\"http:\/\/blog.laveredadepuebla.com\/2009\/08\/02\/la-ruta-verde-hacia-el-vado\/\"><b><i>ruta verde hacia el Vado<\/i><\/b><\/a> permite captar la imagen majestuosa del Ocej\u00f3n y el <a href=\"http:\/\/laveredadepuebla.com\/rutasypueblos\/bonaval.pdf\"><b><i>Monasterio de Bonaval<\/i><\/b> <\/a>entre brumas.<\/p>\n<p><a href=\"http:\/\/laveredadepuebla.files.wordpress.com\/2013\/01\/130117-bajo-niebla-4.jpg\"><img loading=\"lazy\" decoding=\"async\" class=\"alignleft  wp-image-11692\" alt=\"130117 bajo niebla 4\" src=\"https:\/\/blog.sierranortedeguadalajara.com\/wp-content\/uploads\/2023\/02\/130117-bajo-niebla-4.jpg\" width=\"210\" height=\"158\" \/><\/a>Nubes bajas se levantan sobre c\u00e1rcavas y pinos, bajo la atenta mirada de <a href=\"http:\/\/blog.laveredadepuebla.com\/2011\/01\/11\/la-vega-de-bonaval\/\"><b><i>la vega<\/i><\/b><\/a>. Encinas y robles se desdibujan entre los blancos.<\/p>\n<p><b><i>Lar-ami<\/i><\/b><\/p>\n","protected":false},"excerpt":{"rendered":"<p>&#8230; Los paisajes de La Ribera, que de por si ya son hermosos, realzan su belleza\u00a0 cuando la espesura permite vislumbrarlos. Un fen\u00f3meno poco habitual que conviene plasmar con la c\u00e1mara para no olvidarlo. Un recorrido por la ruta verde hacia el Vado permite captar la imagen majestuosa del Ocej\u00f3n y el Monasterio de Bonaval &hellip; <\/p>\n<p class=\"link-more\"><a href=\"https:\/\/blog.sierranortedeguadalajara.com\/?p=11688\" class=\"more-link\">Seguir leyendo<span class=\"screen-reader-text\"> \u00abBajo la niebla &#8230;\u00bb<\/span><\/a><\/p>\n","protected":false},"author":1,"featured_media":0,"comment_status":"open","ping_status":"open","sticky":false,"template":"","format":"standard","meta":{"footnotes":""},"categories":[12,9],"tags":[2,45,145,7,38,191],"class_list":["post-11688","post","type-post","status-publish","format-standard","hentry","category-actualidad","category-rincones-de-la-sierra-norte","tag-actualidad","tag-bonaval","tag-la-ribera","tag-naturaleza","tag-ocejon","tag-ruta-verde","entry"],"_links":{"self":[{"href":"https:\/\/blog.sierranortedeguadalajara.com\/index.php?rest_route=\/wp\/v2\/posts\/11688","targetHints":{"allow":["GET"]}}],"collection":[{"href":"https:\/\/blog.sierranortedeguadalajara.com\/index.php?rest_route=\/wp\/v2\/posts"}],"about":[{"href":"https:\/\/blog.sierranortedeguadalajara.com\/index.php?rest_route=\/wp\/v2\/types\/post"}],"author":[{"embeddable":true,"href":"https:\/\/blog.sierranortedeguadalajara.com\/index.php?rest_route=\/wp\/v2\/users\/1"}],"replies":[{"embeddable":true,"href":"https:\/\/blog.sierranortedeguadalajara.com\/index.php?rest_route=%2Fwp%2Fv2%2Fcomments&post=11688"}],"version-history":[{"count":1,"href":"https:\/\/blog.sierranortedeguadalajara.com\/index.php?rest_route=\/wp\/v2\/posts\/11688\/revisions"}],"predecessor-version":[{"id":29936,"href":"https:\/\/blog.sierranortedeguadalajara.com\/index.php?rest_route=\/wp\/v2\/posts\/11688\/revisions\/29936"}],"wp:attachment":[{"href":"https:\/\/blog.sierranortedeguadalajara.com\/index.php?rest_route=%2Fwp%2Fv2%2Fmedia&parent=11688"}],"wp:term":[{"taxonomy":"category","embeddable":true,"href":"https:\/\/blog.sierranortedeguadalajara.com\/index.php?rest_route=%2Fwp%2Fv2%2Fcategories&post=11688"},{"taxonomy":"post_tag","embeddable":true,"href":"https:\/\/blog.sierranortedeguadalajara.com\/index.php?rest_route=%2Fwp%2Fv2%2Ftags&post=11688"}],"curies":[{"name":"wp","href":"https:\/\/api.w.org\/{rel}","templated":true}]}}