{"id":10462,"date":"2012-08-30T00:05:08","date_gmt":"2012-08-29T22:05:08","guid":{"rendered":"http:\/\/blog.laveredadepuebla.com\/?p=10462"},"modified":"2023-02-10T12:28:49","modified_gmt":"2023-02-10T12:28:49","slug":"flores-y-frutos","status":"publish","type":"post","link":"https:\/\/blog.sierranortedeguadalajara.com\/?p=10462","title":{"rendered":"Flores y frutos"},"content":{"rendered":"<p><a href=\"http:\/\/laveredadepuebla.files.wordpress.com\/2012\/08\/120830-flores-y-frutos-1.jpg\"><img loading=\"lazy\" decoding=\"async\" class=\"alignleft  wp-image-10464\" title=\"120830 flores y frutos 1\" src=\"https:\/\/blog.sierranortedeguadalajara.com\/wp-content\/uploads\/2023\/02\/120830-flores-y-frutos-1.jpg\" alt=\"\" width=\"216\" height=\"162\" \/><\/a>Este verano est\u00e1 siendo at\u00edpico: temperaturas templadas y tormentas en julio, olas de calor insoportable en agosto, <a href=\"http:\/\/blog.laveredadepuebla.com\/2012\/07\/26\/flores-de-julio\/\">flores abundantes <\/a>y <a href=\"http:\/\/blog.laveredadepuebla.com\/2012\/08\/14\/flores-de-agosto\/\">diferentes,<\/a> \u2026<\/p>\n<p><a href=\"http:\/\/laveredadepuebla.files.wordpress.com\/2012\/08\/120830-flores-y-frutos-3.jpg\"><img loading=\"lazy\" decoding=\"async\" class=\"alignright  wp-image-10465\" title=\"120830 flores y frutos 3\" src=\"https:\/\/blog.sierranortedeguadalajara.com\/wp-content\/uploads\/2023\/02\/120830-flores-y-frutos-3.jpg\" alt=\"\" width=\"158\" height=\"210\" \/><\/a>Esto y la sequ\u00eda est\u00e1n provocando <a href=\"http:\/\/es.youtube.com\/watch?v=7GW8Ykv6Z9s\">contrastes incre\u00edbles<\/a>. La escasez de comida para los animales hace que se comporten de forma inusual, con \u00a0escenas desconocidas por estas tierras.<\/p>\n<p><a href=\"http:\/\/laveredadepuebla.files.wordpress.com\/2012\/08\/120830-flores-y-frutos-4.jpg\"><img loading=\"lazy\" decoding=\"async\" class=\"alignleft  wp-image-10466\" title=\"120830 flores y frutos 4\" src=\"https:\/\/blog.sierranortedeguadalajara.com\/wp-content\/uploads\/2023\/02\/120830-flores-y-frutos-4.jpg\" alt=\"\" width=\"210\" height=\"158\" \/><\/a>Se hace muy patente en <a href=\"http:\/\/blog.laveredadepuebla.com\/2009\/07\/23\/los-huertos\/\">los huertos<\/a>: <em>cuervos que atacan las manzanas verdes,\u00a0 zorras que roen las sand\u00edas,\u00a0 corzos que comen\u00a0 jud\u00edas \u00a1selectivamente!<\/em> A pesar del vallado, mallas protectoras, \u00a0espantap\u00e1jaros, \u2026<\/p>\n<p>Sorprende la convivencia de flores y frutos maduros en plantas de la misma especie, incluso en la misma mata (zarzas, retama), sobre todo en el secano.<\/p>\n<p><a href=\"http:\/\/laveredadepuebla.files.wordpress.com\/2012\/08\/120830-flores-y-frutos-2.jpg\"><img loading=\"lazy\" decoding=\"async\" class=\"alignright  wp-image-10470\" title=\"120830 flores y frutos 2\" src=\"https:\/\/blog.sierranortedeguadalajara.com\/wp-content\/uploads\/2023\/02\/120830-flores-y-frutos-2.jpg\" alt=\"\" width=\"216\" height=\"162\" \/><\/a>En los huertos se ven calabaza en flor con robustos calabacines al lado y melones de gran tama\u00f1o con florecillas amarillas haci\u00e9ndole compa\u00f1\u00eda. Y estos peque\u00f1os detalles son\u00a0 los que hacen diferente a <a href=\"http:\/\/www.laveredadepuebla.com\/rutasypueblos.htm\"><strong><em>La Ribera<\/em><\/strong><\/a> y enamoran a sus visitantes.<\/p>\n<p><strong><em>\u00a0Lar-ami<\/em><\/strong><\/p>\n","protected":false},"excerpt":{"rendered":"<p>Este verano est\u00e1 siendo at\u00edpico: temperaturas templadas y tormentas en julio, olas de calor insoportable en agosto, flores abundantes y diferentes, \u2026 Esto y la sequ\u00eda est\u00e1n provocando contrastes incre\u00edbles. La escasez de comida para los animales hace que se comporten de forma inusual, con \u00a0escenas desconocidas por estas tierras. Se hace muy patente en &hellip; <\/p>\n<p class=\"link-more\"><a href=\"https:\/\/blog.sierranortedeguadalajara.com\/?p=10462\" class=\"more-link\">Seguir leyendo<span class=\"screen-reader-text\"> \u00abFlores y frutos\u00bb<\/span><\/a><\/p>\n","protected":false},"author":1,"featured_media":0,"comment_status":"open","ping_status":"open","sticky":false,"template":"","format":"standard","meta":{"footnotes":""},"categories":[12,9],"tags":[2,145,7],"class_list":["post-10462","post","type-post","status-publish","format-standard","hentry","category-actualidad","category-rincones-de-la-sierra-norte","tag-actualidad","tag-la-ribera","tag-naturaleza","entry"],"_links":{"self":[{"href":"https:\/\/blog.sierranortedeguadalajara.com\/index.php?rest_route=\/wp\/v2\/posts\/10462","targetHints":{"allow":["GET"]}}],"collection":[{"href":"https:\/\/blog.sierranortedeguadalajara.com\/index.php?rest_route=\/wp\/v2\/posts"}],"about":[{"href":"https:\/\/blog.sierranortedeguadalajara.com\/index.php?rest_route=\/wp\/v2\/types\/post"}],"author":[{"embeddable":true,"href":"https:\/\/blog.sierranortedeguadalajara.com\/index.php?rest_route=\/wp\/v2\/users\/1"}],"replies":[{"embeddable":true,"href":"https:\/\/blog.sierranortedeguadalajara.com\/index.php?rest_route=%2Fwp%2Fv2%2Fcomments&post=10462"}],"version-history":[{"count":1,"href":"https:\/\/blog.sierranortedeguadalajara.com\/index.php?rest_route=\/wp\/v2\/posts\/10462\/revisions"}],"predecessor-version":[{"id":30313,"href":"https:\/\/blog.sierranortedeguadalajara.com\/index.php?rest_route=\/wp\/v2\/posts\/10462\/revisions\/30313"}],"wp:attachment":[{"href":"https:\/\/blog.sierranortedeguadalajara.com\/index.php?rest_route=%2Fwp%2Fv2%2Fmedia&parent=10462"}],"wp:term":[{"taxonomy":"category","embeddable":true,"href":"https:\/\/blog.sierranortedeguadalajara.com\/index.php?rest_route=%2Fwp%2Fv2%2Fcategories&post=10462"},{"taxonomy":"post_tag","embeddable":true,"href":"https:\/\/blog.sierranortedeguadalajara.com\/index.php?rest_route=%2Fwp%2Fv2%2Ftags&post=10462"}],"curies":[{"name":"wp","href":"https:\/\/api.w.org\/{rel}","templated":true}]}}