{"id":10427,"date":"2012-08-29T00:05:02","date_gmt":"2012-08-28T22:05:02","guid":{"rendered":"http:\/\/blog.laveredadepuebla.com\/?p=10427"},"modified":"2023-02-10T12:28:50","modified_gmt":"2023-02-10T12:28:50","slug":"priores-de-bonaval","status":"publish","type":"post","link":"https:\/\/blog.sierranortedeguadalajara.com\/?p=10427","title":{"rendered":"Priores de  Bonaval"},"content":{"rendered":"<p><a href=\"http:\/\/laveredadepuebla.files.wordpress.com\/2012\/08\/120827priores-bonaval.jpg\"><img loading=\"lazy\" decoding=\"async\" class=\"alignleft  wp-image-10430\" title=\"120827priores Bonaval\" src=\"https:\/\/blog.sierranortedeguadalajara.com\/wp-content\/uploads\/2023\/02\/120827priores-bonaval.jpg\" alt=\"\" width=\"240\" height=\"180\" \/><\/a>El <a href=\"http:\/\/blog.laveredadepuebla.com\/2012\/04\/26\/bonaval-de-abadia-a-priorato\/\">prior sustituye al abad del monasterio<\/a> y asume la mayor\u00eda de sus funciones por delegaci\u00f3n. En cenobios menores, como <a href=\"http:\/\/www.laveredadepuebla.com\/rutasypueblos\/bonaval.pdf\"><strong><em>Bonaval<\/em><\/strong><\/a>, se ocupaba de la direcci\u00f3n y la administraci\u00f3n del centro, si bien las decisiones importantes las tomaba la <a href=\"http:\/\/blog.laveredadepuebla.com\/2012\/07\/11\/el-priorato-de-bonaval-primera-epoca\/\">abad\u00eda de Monte Si\u00f3n<\/a>.<\/p>\n<p>Aunque era elegido por <a href=\"http:\/\/blog.laveredadepuebla.com\/2012\/06\/19\/bonaval-un-monasterio-democratico\/\"><strong><em>el Cap\u00edtulo <\/em><\/strong>en asamblea <\/a>y propuesto al abad para su nombramiento, este ten\u00eda la potestad de rechazarlo, si bien no era habitual. \u00a0La <a href=\"http:\/\/blog.laveredadepuebla.com\/2012\/04\/25\/la-reforma-del-cister-y-bonaval\/\"><em><strong>Congregaci\u00f3n de Castilla<\/strong><\/em><\/a>, en su reforma del siglo XV, limit\u00f3 la duraci\u00f3n del mandato a 3 a\u00f1os, con posibilidad de reelecci\u00f3n. A finales de siglo, para acotar aun m\u00e1s su poder, la reelecci\u00f3n no pod\u00eda ser consecutiva.<\/p>\n<p>En los primeros a\u00f1os de <strong><em>Bonaval como Priorato<\/em><\/strong>, el n\u00famero de monjes se redujo (en algunos \u00e9pocas tan solo hubo 3, m\u00e1s el <a href=\"http:\/\/blog.laveredadepuebla.com\/2012\/08\/23\/la-granja-de-valdepenas-de-la-sierra\/\">monje residente en Valdepe\u00f1as)<\/a> y los priores dedicaron sus <a href=\"http:\/\/blog.laveredadepuebla.com\/2012\/08\/20\/bonaval-se-convierte-en-negocio-siglo-xvi\/\">esfuerzos a la gesti\u00f3n de las propiedades<\/a>, seg\u00fan indica el <a href=\"http:\/\/blog.laveredadepuebla.com\/2011\/09\/15\/el-doctor-jurado-serrano-2\/\"><strong><em>Dr Jurado<\/em><\/strong><\/a>. Entre ellos destacan:<a href=\"http:\/\/laveredadepuebla.files.wordpress.com\/2012\/08\/120827-priores-bonaval-21.jpg\"><img loading=\"lazy\" decoding=\"async\" class=\"alignright  wp-image-10431\" title=\"120827 priores Bonaval 2\" src=\"https:\/\/blog.sierranortedeguadalajara.com\/wp-content\/uploads\/2023\/02\/120827-priores-bonaval-21.jpg\" alt=\"\" width=\"154\" height=\"240\" \/><\/a><\/p>\n<ul>\n<li><strong><em>Jer\u00f3nimo de Zebreros<\/em><\/strong>: el \u00fanico prior elegido tres veces, en 1.560, 64 y 71.\u00a0 Pudo ser el gran art\u00edfice de la reconversi\u00f3n de\u00a0 Bonaval en\u00a0 unidad de negocio.<\/li>\n<li><strong><em>Pedro de Villanueva<\/em><\/strong>: elegido en 1.611 y en 1.613 (2 a\u00f1os). Posiblemente particip\u00f3 en la remodelaci\u00f3n del monasterio para convertirlo en Residencia de Monjes.<\/li>\n<\/ul>\n<p><strong><em>Lar-ami<\/em><\/strong><\/p>\n","protected":false},"excerpt":{"rendered":"<p>El prior sustituye al abad del monasterio y asume la mayor\u00eda de sus funciones por delegaci\u00f3n. En cenobios menores, como Bonaval, se ocupaba de la direcci\u00f3n y la administraci\u00f3n del centro, si bien las decisiones importantes las tomaba la abad\u00eda de Monte Si\u00f3n. Aunque era elegido por el Cap\u00edtulo en asamblea y propuesto al abad &hellip; <\/p>\n<p class=\"link-more\"><a href=\"https:\/\/blog.sierranortedeguadalajara.com\/?p=10427\" class=\"more-link\">Seguir leyendo<span class=\"screen-reader-text\"> \u00abPriores de  Bonaval\u00bb<\/span><\/a><\/p>\n","protected":false},"author":1,"featured_media":0,"comment_status":"open","ping_status":"open","sticky":false,"template":"","format":"standard","meta":{"footnotes":""},"categories":[9],"tags":[45,4,5,145,50],"class_list":["post-10427","post","type-post","status-publish","format-standard","hentry","category-rincones-de-la-sierra-norte","tag-bonaval","tag-cultura","tag-historia","tag-la-ribera","tag-siglo-xvi","entry"],"_links":{"self":[{"href":"https:\/\/blog.sierranortedeguadalajara.com\/index.php?rest_route=\/wp\/v2\/posts\/10427","targetHints":{"allow":["GET"]}}],"collection":[{"href":"https:\/\/blog.sierranortedeguadalajara.com\/index.php?rest_route=\/wp\/v2\/posts"}],"about":[{"href":"https:\/\/blog.sierranortedeguadalajara.com\/index.php?rest_route=\/wp\/v2\/types\/post"}],"author":[{"embeddable":true,"href":"https:\/\/blog.sierranortedeguadalajara.com\/index.php?rest_route=\/wp\/v2\/users\/1"}],"replies":[{"embeddable":true,"href":"https:\/\/blog.sierranortedeguadalajara.com\/index.php?rest_route=%2Fwp%2Fv2%2Fcomments&post=10427"}],"version-history":[{"count":1,"href":"https:\/\/blog.sierranortedeguadalajara.com\/index.php?rest_route=\/wp\/v2\/posts\/10427\/revisions"}],"predecessor-version":[{"id":30316,"href":"https:\/\/blog.sierranortedeguadalajara.com\/index.php?rest_route=\/wp\/v2\/posts\/10427\/revisions\/30316"}],"wp:attachment":[{"href":"https:\/\/blog.sierranortedeguadalajara.com\/index.php?rest_route=%2Fwp%2Fv2%2Fmedia&parent=10427"}],"wp:term":[{"taxonomy":"category","embeddable":true,"href":"https:\/\/blog.sierranortedeguadalajara.com\/index.php?rest_route=%2Fwp%2Fv2%2Fcategories&post=10427"},{"taxonomy":"post_tag","embeddable":true,"href":"https:\/\/blog.sierranortedeguadalajara.com\/index.php?rest_route=%2Fwp%2Fv2%2Ftags&post=10427"}],"curies":[{"name":"wp","href":"https:\/\/api.w.org\/{rel}","templated":true}]}}