{"id":10369,"date":"2012-08-20T00:05:23","date_gmt":"2012-08-19T22:05:23","guid":{"rendered":"http:\/\/blog.laveredadepuebla.com\/?p=10369"},"modified":"2023-02-10T12:28:56","modified_gmt":"2023-02-10T12:28:56","slug":"bonaval-se-convierte-en-negocio-siglo-xvi","status":"publish","type":"post","link":"https:\/\/blog.sierranortedeguadalajara.com\/?p=10369","title":{"rendered":"Bonaval se convierte en negocio (siglo XVI)"},"content":{"rendered":"<p>El inventario de 1.510 puso de manifiesto el <a href=\"http:\/\/blog.laveredadepuebla.com\/2012\/04\/26\/bonaval-de-abadia-a-priorato\/\"><strong><em>escaso valor de Bonaval como cenobio<\/em><\/strong><\/a> (por el estado de las instalaciones) y la escasez de rentas, insuficientes para mantener la comunidad. La <strong><em>abad\u00eda Monte Si\u00f3n<\/em><\/strong> decidi\u00f3 <a href=\"http:\/\/blog.laveredadepuebla.com\/2012\/07\/11\/el-priorato-de-bonaval-primera-epoca\/\">organizarlo como unidad de negocio<\/a>. Se desprendi\u00f3 de las tierras poco productivas o de escaso valor, bien por venta, \u00a0intercambio \u00a0y\/o arrendamiento a largo plazo, como refleja el <a href=\"http:\/\/blog.laveredadepuebla.com\/2011\/09\/15\/el-doctor-jurado-serrano-2\/\"><strong><em>Dr Jurado<\/em><\/strong><\/a>:<\/p>\n<ul>\n<li>En 1.561 el prior Fray Miguel de Vel\u00e1zquez cambia 142 fanegas de tierras varias en Caraquiz (Uceda) por una propiedad en <a href=\"http:\/\/www.laveredadepuebla.com\/rutasypueblos\/valdepenas.pdf\"><em>Valdepe\u00f1as de la Sierra<\/em><\/a>.<\/li>\n<li>Por el abandono en que se encuentran, Bonaval cede en <strong><em>\u201ccenso por 3 vidas\u201d<\/em><\/strong>\u00a0 al Concejo de Alapardo una finca de\u00a0 150 fanegas <strong><em>\u201cde pan llevar\u201d,<\/em><\/strong> varias casas, un palomar y 5 <strong><em>\u201caranzadas\u201d<\/em><\/strong> de vi\u00f1as, por una renta anual de\u00a0 6.000 maraved\u00edes, 6 pares de gallina y 4 de gansos.<\/li>\n<li>Se vendieron unas casas y 6 <strong><em>aranzadas<\/em><\/strong> de vi\u00f1as en <a href=\"http:\/\/www.laveredadepuebla.com\/rutasypueblos\/valdesotos.pdf\"><em>Valdesotos<\/em><\/a>, as\u00ed como una casa con 5 fanegas de tierra en <a href=\"http:\/\/www.laveredadepuebla.com\/rutasypueblos\/tamajon.pdf\"><em>Tamaj\u00f3n<\/em>.<\/a><\/li>\n<\/ul>\n<p><a href=\"http:\/\/laveredadepuebla.files.wordpress.com\/2012\/08\/120820-bonaval-negocio1.jpg\"><img loading=\"lazy\" decoding=\"async\" class=\"alignright  wp-image-10374\" title=\"120820 Bonaval negocio\" src=\"https:\/\/blog.sierranortedeguadalajara.com\/wp-content\/uploads\/2023\/02\/120820-bonaval-negocio1.jpg\" alt=\"\" width=\"240\" height=\"180\" \/><\/a>Se agruparon tierras y propiedades en torno a Valdepe\u00f1as de la Sierra (que se convirti\u00f3 en <strong><em>granja<\/em><\/strong>) y al <strong><em>\u201ccoto mon\u00e1stico\u201d<\/em><\/strong>, para luego arrendarlas en su totalidad. Del mismo modo se vendieron y\/o arrendaron \u00a0propiedades alejadas de estos puntos; con ese dinero se compraron tierras m\u00e1s cercanas.<\/p>\n<p>Y parece que estas medidas fueron acertadas: entre 1.656 y 1.661 los ingresos fueron 14.000 reales\/a\u00f1o en Valdepe\u00f1as y 13.000 en Bonaval. Pero <a href=\"http:\/\/www.laveredadepuebla.com\/rutasypueblos\/bonaval.pdf\"><strong><em>el Monasterio<\/em><\/strong> <\/a>acab\u00f3 considerado una <a href=\"http:\/\/blog.laveredadepuebla.com\/2012\/04\/26\/bonaval-de-abadia-a-priorato\/\">granja de Monte Si\u00f3n <\/a><em>(no es citado en el decreto de 25 julio 1835 que suprime los cenobios con menos de 12 monjes).<\/em><\/p>\n<p><strong><em>Lar-ami<\/em><\/strong><\/p>\n","protected":false},"excerpt":{"rendered":"<p>El inventario de 1.510 puso de manifiesto el escaso valor de Bonaval como cenobio (por el estado de las instalaciones) y la escasez de rentas, insuficientes para mantener la comunidad. La abad\u00eda Monte Si\u00f3n decidi\u00f3 organizarlo como unidad de negocio. Se desprendi\u00f3 de las tierras poco productivas o de escaso valor, bien por venta, \u00a0intercambio &hellip; <\/p>\n<p class=\"link-more\"><a href=\"https:\/\/blog.sierranortedeguadalajara.com\/?p=10369\" class=\"more-link\">Seguir leyendo<span class=\"screen-reader-text\"> \u00abBonaval se convierte en negocio (siglo XVI)\u00bb<\/span><\/a><\/p>\n","protected":false},"author":1,"featured_media":0,"comment_status":"open","ping_status":"open","sticky":false,"template":"","format":"standard","meta":{"footnotes":""},"categories":[9],"tags":[45,4,5,145,50,21,32,27],"class_list":["post-10369","post","type-post","status-publish","format-standard","hentry","category-rincones-de-la-sierra-norte","tag-bonaval","tag-cultura","tag-historia","tag-la-ribera","tag-siglo-xvi","tag-tamajon","tag-valdepenas-de-la-sierra","tag-valdesotos","entry"],"_links":{"self":[{"href":"https:\/\/blog.sierranortedeguadalajara.com\/index.php?rest_route=\/wp\/v2\/posts\/10369","targetHints":{"allow":["GET"]}}],"collection":[{"href":"https:\/\/blog.sierranortedeguadalajara.com\/index.php?rest_route=\/wp\/v2\/posts"}],"about":[{"href":"https:\/\/blog.sierranortedeguadalajara.com\/index.php?rest_route=\/wp\/v2\/types\/post"}],"author":[{"embeddable":true,"href":"https:\/\/blog.sierranortedeguadalajara.com\/index.php?rest_route=\/wp\/v2\/users\/1"}],"replies":[{"embeddable":true,"href":"https:\/\/blog.sierranortedeguadalajara.com\/index.php?rest_route=%2Fwp%2Fv2%2Fcomments&post=10369"}],"version-history":[{"count":1,"href":"https:\/\/blog.sierranortedeguadalajara.com\/index.php?rest_route=\/wp\/v2\/posts\/10369\/revisions"}],"predecessor-version":[{"id":30341,"href":"https:\/\/blog.sierranortedeguadalajara.com\/index.php?rest_route=\/wp\/v2\/posts\/10369\/revisions\/30341"}],"wp:attachment":[{"href":"https:\/\/blog.sierranortedeguadalajara.com\/index.php?rest_route=%2Fwp%2Fv2%2Fmedia&parent=10369"}],"wp:term":[{"taxonomy":"category","embeddable":true,"href":"https:\/\/blog.sierranortedeguadalajara.com\/index.php?rest_route=%2Fwp%2Fv2%2Fcategories&post=10369"},{"taxonomy":"post_tag","embeddable":true,"href":"https:\/\/blog.sierranortedeguadalajara.com\/index.php?rest_route=%2Fwp%2Fv2%2Ftags&post=10369"}],"curies":[{"name":"wp","href":"https:\/\/api.w.org\/{rel}","templated":true}]}}