{"id":10285,"date":"2012-08-06T00:05:42","date_gmt":"2012-08-05T22:05:42","guid":{"rendered":"http:\/\/blog.laveredadepuebla.com\/?p=10285"},"modified":"2023-02-10T12:29:02","modified_gmt":"2023-02-10T12:29:02","slug":"niza","status":"publish","type":"post","link":"https:\/\/blog.sierranortedeguadalajara.com\/?p=10285","title":{"rendered":"Niza"},"content":{"rendered":"<p><a href=\"http:\/\/laveredadepuebla.files.wordpress.com\/2012\/08\/120806-niza-2.jpg\"><img loading=\"lazy\" decoding=\"async\" class=\"alignright  wp-image-10286\" title=\"120806 Niza 2\" src=\"https:\/\/blog.sierranortedeguadalajara.com\/wp-content\/uploads\/2023\/02\/120806-niza-2.jpg\" alt=\"\" width=\"240\" height=\"180\" \/><\/a>La capital de la <em><a href=\"http:\/\/es.wikipedia.org\/wiki\/Costa_Azul_%28Francia%29\">Costa Azu<\/a>l <\/em>no ser\u00eda mi lugar favorito para vacaciones,\u00a0 a pesar de su belleza, elegancia, y \u2026 estar junto a Montecarlo.\u00a0 Acompa\u00f1\u00e9 a los propietarios de la <a href=\"http:\/\/www.laveredadepuebla.com\"><strong><em>casa que protejo y guardo<\/em><\/strong><\/a>. Ellos tampoco la eligieron. Lo hizo la <strong><em>\u00ab<\/em><em>desaparecida Pol\u00edtica de Investigaci\u00f3n\u00bb<\/em><\/strong> de nuestro pa\u00eds.<\/p>\n<p>Aqu\u00ed en la Universidad de Niza trabaja un <strong><em>Doctor en Gen\u00e9tica del Desarrollo<\/em><\/strong>, con 10 a\u00f1os de experiencia en Centros de prestigio internacional (<em><a href=\"www.cnio.es\/\">CNIO<\/a>, <a href=\"http:\/\/www2.cbm.uam.es\/mkfactory.esdomain\/webs\/CBMSO\/plt_Home.aspx\">CBM Severo Ochoa)<\/a>,<\/em> \u00a0que se vio forzado a emigrar por los recortes. Tras el cierre en Espa\u00f1a de su l\u00ednea de investigaci\u00f3n, tuvo varias propuestas y eligi\u00f3 el prestigioso <a href=\"http:\/\/www.unice.fr\/ibdc\/\"><em>Instituto de Biolog\u00eda Vallrose<\/em><\/a>.<\/p>\n<p><a href=\"http:\/\/laveredadepuebla.files.wordpress.com\/2012\/08\/120806-niza-1.jpg\"><img loading=\"lazy\" decoding=\"async\" class=\"alignleft size-medium wp-image-10287\" title=\"120806 Niza 1\" src=\"https:\/\/blog.sierranortedeguadalajara.com\/wp-content\/uploads\/2023\/02\/120806-niza-1.jpg\" alt=\"\" width=\"225\" height=\"300\" \/><\/a>Y por eso fuimos a <a href=\"http:\/\/www.losmejoresdestinos.com\/destinos\/francia\/niza\/niza.php\"><strong><em>Niza<\/em><\/strong><\/a>, a visitar a nuestro primog\u00e9nito, a darle por unos d\u00edas ese calor familiar que le han robado. \u00a0<strong><em>\u00bfAlguien ha pensado que se van los mejores, que nos estamos empobreciendo? \u00bfQue estamos despreciando esfuerzos, talento y experiencia?<\/em><\/strong><\/p>\n<p>Cierto que hicimos algo de turismo (<em><a href=\"http:\/\/www.musee-chagall.fr\/\">Museo de Chagal<\/a>,<\/em> <em>casa de Matisse<\/em>, <em>parque del Castillo<\/em>, \u2026) y que estuvimos en el <a href=\"http:\/\/www.nicejazzfestival.fr\/\"><em>festival de jazz<\/em><\/a>. Pero eso no importa.<\/p>\n<p><strong><em>Lo realmente importante es que por unos d\u00edas nos sentimos una familia unida, de esas que se ven cada poco y disfrutan de su compa\u00f1\u00eda.<\/em><\/strong><\/p>\n<p><strong><em>Lar-ami<\/em><\/strong><\/p>\n","protected":false},"excerpt":{"rendered":"<p>La capital de la Costa Azul no ser\u00eda mi lugar favorito para vacaciones,\u00a0 a pesar de su belleza, elegancia, y \u2026 estar junto a Montecarlo.\u00a0 Acompa\u00f1\u00e9 a los propietarios de la casa que protejo y guardo. Ellos tampoco la eligieron. Lo hizo la \u00abdesaparecida Pol\u00edtica de Investigaci\u00f3n\u00bb de nuestro pa\u00eds. Aqu\u00ed en la Universidad de &hellip; <\/p>\n<p class=\"link-more\"><a href=\"https:\/\/blog.sierranortedeguadalajara.com\/?p=10285\" class=\"more-link\">Seguir leyendo<span class=\"screen-reader-text\"> \u00abNiza\u00bb<\/span><\/a><\/p>\n","protected":false},"author":1,"featured_media":0,"comment_status":"open","ping_status":"open","sticky":false,"template":"","format":"standard","meta":{"footnotes":""},"categories":[12],"tags":[2,20,4],"class_list":["post-10285","post","type-post","status-publish","format-standard","hentry","category-actualidad","tag-actualidad","tag-casa-rural","tag-cultura","entry"],"_links":{"self":[{"href":"https:\/\/blog.sierranortedeguadalajara.com\/index.php?rest_route=\/wp\/v2\/posts\/10285","targetHints":{"allow":["GET"]}}],"collection":[{"href":"https:\/\/blog.sierranortedeguadalajara.com\/index.php?rest_route=\/wp\/v2\/posts"}],"about":[{"href":"https:\/\/blog.sierranortedeguadalajara.com\/index.php?rest_route=\/wp\/v2\/types\/post"}],"author":[{"embeddable":true,"href":"https:\/\/blog.sierranortedeguadalajara.com\/index.php?rest_route=\/wp\/v2\/users\/1"}],"replies":[{"embeddable":true,"href":"https:\/\/blog.sierranortedeguadalajara.com\/index.php?rest_route=%2Fwp%2Fv2%2Fcomments&post=10285"}],"version-history":[{"count":1,"href":"https:\/\/blog.sierranortedeguadalajara.com\/index.php?rest_route=\/wp\/v2\/posts\/10285\/revisions"}],"predecessor-version":[{"id":30368,"href":"https:\/\/blog.sierranortedeguadalajara.com\/index.php?rest_route=\/wp\/v2\/posts\/10285\/revisions\/30368"}],"wp:attachment":[{"href":"https:\/\/blog.sierranortedeguadalajara.com\/index.php?rest_route=%2Fwp%2Fv2%2Fmedia&parent=10285"}],"wp:term":[{"taxonomy":"category","embeddable":true,"href":"https:\/\/blog.sierranortedeguadalajara.com\/index.php?rest_route=%2Fwp%2Fv2%2Fcategories&post=10285"},{"taxonomy":"post_tag","embeddable":true,"href":"https:\/\/blog.sierranortedeguadalajara.com\/index.php?rest_route=%2Fwp%2Fv2%2Ftags&post=10285"}],"curies":[{"name":"wp","href":"https:\/\/api.w.org\/{rel}","templated":true}]}}