{"id":10047,"date":"2012-07-11T00:05:30","date_gmt":"2012-07-10T22:05:30","guid":{"rendered":"http:\/\/blog.laveredadepuebla.com\/?p=10047"},"modified":"2023-02-10T12:29:16","modified_gmt":"2023-02-10T12:29:16","slug":"el-priorato-de-bonaval-primera-epoca","status":"publish","type":"post","link":"https:\/\/blog.sierranortedeguadalajara.com\/?p=10047","title":{"rendered":"El priorato de Bonaval: primera \u00e9poca"},"content":{"rendered":"<p>Aunque la <a href=\"http:\/\/blog.laveredadepuebla.com\/2012\/04\/26\/bonaval-de-abadia-a-priorato\/\">conversi\u00f3n en priorato<\/a> se produce en 1.509, la anexi\u00f3n definitiva a la abad\u00eda de Monte-si\u00f3n se realiza en 1.551 y los motivos no est\u00e1n claros.<a href=\"http:\/\/www.cefihgu.es\/index.html\"><img loading=\"lazy\" decoding=\"async\" class=\"alignright size-medium wp-image-10050\" title=\"120711 priorato epoca 1\" src=\"https:\/\/blog.sierranortedeguadalajara.com\/wp-content\/uploads\/2023\/02\/120711-priorato-epoca-1.jpg\" alt=\"\" width=\"192\" height=\"300\" \/><\/a><\/p>\n<p><a href=\"http:\/\/cat.inist.fr\/?aModele=afficheN&amp;cpsidt=11811776\"><strong><em>Fray Benito de la Pe\u00f1a<\/em><\/strong><\/a> afirma en 1.566 que fue <em>\u201cen defensa de la religi\u00f3n\u201d;<\/em> otros dijeron que fue por motivos econ\u00f3micos, ejerciendo la abad\u00eda su poder. Lo cierto es que a partir de ese momento los monjes pusieron su mayor empe\u00f1o en optimizar el rendimiento de las propiedades del Monasterio, seg\u00fan explica el <a href=\"http:\/\/blog.laveredadepuebla.com\/2011\/09\/15\/el-doctor-jurado-serrano-2\/\"><strong><em>Dr Jurado.<\/em><\/strong><\/a><\/p>\n<p>En la segunda mitad del siglo XVI, <a href=\"http:\/\/www.laveredadepuebla.com\/rutasypueblos\/bonaval.pdf\">Bonaval <\/a>se convirti\u00f3 en residencia de monjes mayores. As\u00ed lo indica <strong><em>F<a href=\"https:\/\/play.google.com\/store\/books\/details?id=zFe4bg0eqOMC&amp;rdid=book-zFe4bg0eqOMC&amp;rdot=1\">ray Pedro de Salazar<\/a><\/em><\/strong> en 1.612, y a\u00f1ade que el Cap\u00edtulo de 1.598 autoriz\u00f3 a estudiantes y lectores del Colegio Mayor de Alcal\u00e1 (perteneciente al Cister), que viniesen a pasar las vacaciones al monasterio. Para ello fue preciso transformar las dependencias y levantar otras, obras que se emprendieron a finales del siglo \u00a0XVI y se terminaron en 1.634 <em>(lo contaremos).<\/em><\/p>\n<p><a href=\"http:\/\/laveredadepuebla.files.wordpress.com\/2012\/06\/120711-priorato-epoca-2.jpg\"><img loading=\"lazy\" decoding=\"async\" class=\"alignleft  wp-image-10051\" title=\"120711 priorato epoca 2\" src=\"https:\/\/blog.sierranortedeguadalajara.com\/wp-content\/uploads\/2023\/02\/120711-priorato-epoca-2.jpg\" alt=\"\" width=\"121\" height=\"210\" \/><\/a>De los monjes que vinieron a terminar sus d\u00edas aqu\u00ed, solo conocemos dos, fallecidos en 1.608 y citados en la <strong><em><a href=\"http:\/\/gallica.bnf.fr\/ark:\/12148\/bpt6k5774249s\">Menologium Cisterciense<\/a>:<\/em><\/strong> <strong><em>Bernardo de Escobar,<\/em><\/strong> que destac\u00f3 por su dominio del griego y el hebreo (La orden le dedica el 13 de febrero)\u00a0 y <strong><em>Jos\u00e9 Matienzo Zorrilla<\/em><\/strong>, de familia noble leonesa (24 de marzo).<\/p>\n<p><strong><em>Lar-ami<\/em><\/strong><\/p>\n","protected":false},"excerpt":{"rendered":"<p>Aunque la conversi\u00f3n en priorato se produce en 1.509, la anexi\u00f3n definitiva a la abad\u00eda de Monte-si\u00f3n se realiza en 1.551 y los motivos no est\u00e1n claros. Fray Benito de la Pe\u00f1a afirma en 1.566 que fue \u201cen defensa de la religi\u00f3n\u201d; otros dijeron que fue por motivos econ\u00f3micos, ejerciendo la abad\u00eda su poder. Lo &hellip; <\/p>\n<p class=\"link-more\"><a href=\"https:\/\/blog.sierranortedeguadalajara.com\/?p=10047\" class=\"more-link\">Seguir leyendo<span class=\"screen-reader-text\"> \u00abEl priorato de Bonaval: primera \u00e9poca\u00bb<\/span><\/a><\/p>\n","protected":false},"author":1,"featured_media":0,"comment_status":"open","ping_status":"open","sticky":false,"template":"","format":"standard","meta":{"footnotes":""},"categories":[9],"tags":[45,4,5,145,50],"class_list":["post-10047","post","type-post","status-publish","format-standard","hentry","category-rincones-de-la-sierra-norte","tag-bonaval","tag-cultura","tag-historia","tag-la-ribera","tag-siglo-xvi","entry"],"_links":{"self":[{"href":"https:\/\/blog.sierranortedeguadalajara.com\/index.php?rest_route=\/wp\/v2\/posts\/10047","targetHints":{"allow":["GET"]}}],"collection":[{"href":"https:\/\/blog.sierranortedeguadalajara.com\/index.php?rest_route=\/wp\/v2\/posts"}],"about":[{"href":"https:\/\/blog.sierranortedeguadalajara.com\/index.php?rest_route=\/wp\/v2\/types\/post"}],"author":[{"embeddable":true,"href":"https:\/\/blog.sierranortedeguadalajara.com\/index.php?rest_route=\/wp\/v2\/users\/1"}],"replies":[{"embeddable":true,"href":"https:\/\/blog.sierranortedeguadalajara.com\/index.php?rest_route=%2Fwp%2Fv2%2Fcomments&post=10047"}],"version-history":[{"count":1,"href":"https:\/\/blog.sierranortedeguadalajara.com\/index.php?rest_route=\/wp\/v2\/posts\/10047\/revisions"}],"predecessor-version":[{"id":30425,"href":"https:\/\/blog.sierranortedeguadalajara.com\/index.php?rest_route=\/wp\/v2\/posts\/10047\/revisions\/30425"}],"wp:attachment":[{"href":"https:\/\/blog.sierranortedeguadalajara.com\/index.php?rest_route=%2Fwp%2Fv2%2Fmedia&parent=10047"}],"wp:term":[{"taxonomy":"category","embeddable":true,"href":"https:\/\/blog.sierranortedeguadalajara.com\/index.php?rest_route=%2Fwp%2Fv2%2Fcategories&post=10047"},{"taxonomy":"post_tag","embeddable":true,"href":"https:\/\/blog.sierranortedeguadalajara.com\/index.php?rest_route=%2Fwp%2Fv2%2Ftags&post=10047"}],"curies":[{"name":"wp","href":"https:\/\/api.w.org\/{rel}","templated":true}]}}